{"id":1165,"date":"2024-05-06T09:37:15","date_gmt":"2024-05-06T08:37:15","guid":{"rendered":"https:\/\/gemeinsam-fuer-morgen.eu\/?p=1165"},"modified":"2025-01-04T16:11:39","modified_gmt":"2025-01-04T15:11:39","slug":"toller-fundgrubentag-2024","status":"publish","type":"post","link":"https:\/\/gemeinsam-fuer-morgen.eu\/?p=1165","title":{"rendered":"Toller Fundgrubentag 2024"},"content":{"rendered":"\n<figure class=\"wp-block-image size-large\"><img loading=\"lazy\" decoding=\"async\" width=\"1024\" height=\"516\" src=\"https:\/\/gemeinsam-fuer-morgen.eu\/wp-content\/uploads\/2024\/05\/Collage-FGT-1024x516.jpg\" alt=\"\" class=\"wp-image-1166\" srcset=\"https:\/\/gemeinsam-fuer-morgen.eu\/wp-content\/uploads\/2024\/05\/Collage-FGT-1024x516.jpg 1024w, https:\/\/gemeinsam-fuer-morgen.eu\/wp-content\/uploads\/2024\/05\/Collage-FGT-300x151.jpg 300w, https:\/\/gemeinsam-fuer-morgen.eu\/wp-content\/uploads\/2024\/05\/Collage-FGT-768x387.jpg 768w, https:\/\/gemeinsam-fuer-morgen.eu\/wp-content\/uploads\/2024\/05\/Collage-FGT-1536x774.jpg 1536w, https:\/\/gemeinsam-fuer-morgen.eu\/wp-content\/uploads\/2024\/05\/Collage-FGT.jpg 1600w\" sizes=\"auto, (max-width: 1024px) 100vw, 1024px\" \/><figcaption class=\"wp-element-caption\">Screenshot<\/figcaption><\/figure>\n\n\n\n<p>Am Sonntag, 5. Mai 2024 fand zum vierten Mal der Fundgrubentag in B\u00f6tzingen statt, bei dem man gut erhaltene Gegenst\u00e4nde weiterverschenken oder gegen einen passenden Betrag weiterverkaufen konnte \u2013 ganz unkompliziert , direkt Zuhause vor der eigenen Haust\u00fcr.<\/p>\n\n\n\n<p>\u00dcber 50 Haushalte \u00fcber das ganze Dorf verteilt, haben mitgemacht. Fast jede Stra\u00dfe hatte einen oder mehrere St\u00e4nde&nbsp; &#8211; das hat uns sehr gefreut!<\/p>\n\n\n\n<p>Trotz anf\u00e4nglichem Regen haben sich viele auf den Weg gemacht und nach Sch\u00e4tzen gesucht. Uns haben zahlreiche &nbsp;Fotos von den St\u00e4nden und positive Feedbacks erreicht.<\/p>\n\n\n\n<p>Viele Gegenst\u00e4nde haben so auf einfachem Weg ihren Besitzer gewechselt \u2013 ein Beitrag zur M\u00fcllvermeidung und nachhaltigem Konsum. <strong>Auch Gebrauchtes hat noch seinen Wert!<\/strong><\/p>\n\n\n\n<p>Leider waren auch wieder einige externe \u201eSammler\u201c im Dorf unterwegs, die kistenweise Sachen in ihr Auto geladen haben. Das ist \u00fcberhaupt nicht in unserem Sinn, l\u00e4sst sich aber nur durch direkte Ansprache der Personen verhindern.<\/p>\n\n\n\n<p>Wir hoffen, ihr hattet dennoch Freude bei der Aktion und sagen f\u00fcr euer Mitmachen von Herzen DANKE!<\/p>\n\n\n\n<p><em>Diana Kunz<\/em><\/p>\n","protected":false},"excerpt":{"rendered":"<p>Am Sonntag, 5. Mai 2024 fand zum vierten Mal der Fundgrubentag in B\u00f6tzingen statt, bei dem man gut erhaltene Gegenst\u00e4nde weiterverschenken oder gegen einen passenden Betrag weiterverkaufen konnte \u2013 ganz unkompliziert , direkt Zuhause vor der eigenen Haust\u00fcr. \u00dcber 50 Haushalte \u00fcber das ganze Dorf verteilt, haben mitgemacht. Fast jede Stra\u00dfe hatte einen oder mehrere &hellip; <a href=\"https:\/\/gemeinsam-fuer-morgen.eu\/?p=1165\" class=\"more-link\"><span class=\"screen-reader-text\">Toller Fundgrubentag 2024<\/span> weiterlesen<\/a><\/p>\n","protected":false},"author":2,"featured_media":0,"comment_status":"closed","ping_status":"closed","sticky":false,"template":"","format":"standard","meta":{"footnotes":""},"categories":[72,28,74,1],"tags":[],"class_list":["post-1165","post","type-post","status-publish","format-standard","hentry","category-72","category-aktionen","category-muellvermeidung","category-uncategorized"],"yoast_head":"<!-- This site is optimized with the Yoast SEO plugin v27.5 - https:\/\/yoast.com\/product\/yoast-seo-wordpress\/ -->\n<title>Toller Fundgrubentag 2024 - Gemeinsam f\u00fcr Morgen e.V.<\/title>\n<meta name=\"robots\" content=\"index, follow, max-snippet:-1, max-image-preview:large, max-video-preview:-1\" \/>\n<link rel=\"canonical\" href=\"https:\/\/gemeinsam-fuer-morgen.eu\/?p=1165\" \/>\n<meta property=\"og:locale\" content=\"de_DE\" \/>\n<meta property=\"og:type\" content=\"article\" \/>\n<meta property=\"og:title\" content=\"Toller Fundgrubentag 2024 - Gemeinsam f\u00fcr Morgen e.V.\" \/>\n<meta property=\"og:description\" content=\"Am Sonntag, 5. Mai 2024 fand zum vierten Mal der Fundgrubentag in B\u00f6tzingen statt, bei dem man gut erhaltene Gegenst\u00e4nde weiterverschenken oder gegen einen passenden Betrag weiterverkaufen konnte \u2013 ganz unkompliziert , direkt Zuhause vor der eigenen Haust\u00fcr. \u00dcber 50 Haushalte \u00fcber das ganze Dorf verteilt, haben mitgemacht. Fast jede Stra\u00dfe hatte einen oder mehrere &hellip; Toller Fundgrubentag 2024 weiterlesen\" \/>\n<meta property=\"og:url\" content=\"https:\/\/gemeinsam-fuer-morgen.eu\/?p=1165\" \/>\n<meta property=\"og:site_name\" content=\"Gemeinsam f\u00fcr Morgen e.V.\" \/>\n<meta property=\"article:published_time\" content=\"2024-05-06T08:37:15+00:00\" \/>\n<meta property=\"article:modified_time\" content=\"2025-01-04T15:11:39+00:00\" \/>\n<meta property=\"og:image\" content=\"https:\/\/gemeinsam-fuer-morgen.eu\/wp-content\/uploads\/2024\/05\/Collage-FGT.jpg\" \/>\n\t<meta property=\"og:image:width\" content=\"1600\" \/>\n\t<meta property=\"og:image:height\" content=\"806\" \/>\n\t<meta property=\"og:image:type\" content=\"image\/jpeg\" \/>\n<meta name=\"author\" content=\"Illo Schoor\" \/>\n<meta name=\"twitter:card\" content=\"summary_large_image\" \/>\n<meta name=\"twitter:label1\" content=\"Verfasst von\" \/>\n\t<meta name=\"twitter:data1\" content=\"Illo Schoor\" \/>\n\t<meta name=\"twitter:label2\" content=\"Gesch\u00e4tzte Lesezeit\" \/>\n\t<meta name=\"twitter:data2\" content=\"2\u00a0Minuten\" \/>\n<script type=\"application\/ld+json\" class=\"yoast-schema-graph\">{\"@context\":\"https:\\\/\\\/schema.org\",\"@graph\":[{\"@type\":\"Article\",\"@id\":\"https:\\\/\\\/gemeinsam-fuer-morgen.eu\\\/?p=1165#article\",\"isPartOf\":{\"@id\":\"https:\\\/\\\/gemeinsam-fuer-morgen.eu\\\/?p=1165\"},\"author\":{\"name\":\"Illo Schoor\",\"@id\":\"https:\\\/\\\/gemeinsam-fuer-morgen.eu\\\/#\\\/schema\\\/person\\\/5badc0becaa07b8289fa9969073283ad\"},\"headline\":\"Toller Fundgrubentag 2024\",\"datePublished\":\"2024-05-06T08:37:15+00:00\",\"dateModified\":\"2025-01-04T15:11:39+00:00\",\"mainEntityOfPage\":{\"@id\":\"https:\\\/\\\/gemeinsam-fuer-morgen.eu\\\/?p=1165\"},\"wordCount\":176,\"publisher\":{\"@id\":\"https:\\\/\\\/gemeinsam-fuer-morgen.eu\\\/#organization\"},\"image\":{\"@id\":\"https:\\\/\\\/gemeinsam-fuer-morgen.eu\\\/?p=1165#primaryimage\"},\"thumbnailUrl\":\"https:\\\/\\\/gemeinsam-fuer-morgen.eu\\\/wp-content\\\/uploads\\\/2024\\\/05\\\/Collage-FGT-1024x516.jpg\",\"articleSection\":[\"2024\",\"Aktionen\",\"M\u00fcllvermeidung\",\"Uncategorized\"],\"inLanguage\":\"de\"},{\"@type\":\"WebPage\",\"@id\":\"https:\\\/\\\/gemeinsam-fuer-morgen.eu\\\/?p=1165\",\"url\":\"https:\\\/\\\/gemeinsam-fuer-morgen.eu\\\/?p=1165\",\"name\":\"Toller Fundgrubentag 2024 - Gemeinsam f\u00fcr Morgen e.V.\",\"isPartOf\":{\"@id\":\"https:\\\/\\\/gemeinsam-fuer-morgen.eu\\\/#website\"},\"primaryImageOfPage\":{\"@id\":\"https:\\\/\\\/gemeinsam-fuer-morgen.eu\\\/?p=1165#primaryimage\"},\"image\":{\"@id\":\"https:\\\/\\\/gemeinsam-fuer-morgen.eu\\\/?p=1165#primaryimage\"},\"thumbnailUrl\":\"https:\\\/\\\/gemeinsam-fuer-morgen.eu\\\/wp-content\\\/uploads\\\/2024\\\/05\\\/Collage-FGT-1024x516.jpg\",\"datePublished\":\"2024-05-06T08:37:15+00:00\",\"dateModified\":\"2025-01-04T15:11:39+00:00\",\"breadcrumb\":{\"@id\":\"https:\\\/\\\/gemeinsam-fuer-morgen.eu\\\/?p=1165#breadcrumb\"},\"inLanguage\":\"de\",\"potentialAction\":[{\"@type\":\"ReadAction\",\"target\":[\"https:\\\/\\\/gemeinsam-fuer-morgen.eu\\\/?p=1165\"]}]},{\"@type\":\"ImageObject\",\"inLanguage\":\"de\",\"@id\":\"https:\\\/\\\/gemeinsam-fuer-morgen.eu\\\/?p=1165#primaryimage\",\"url\":\"https:\\\/\\\/gemeinsam-fuer-morgen.eu\\\/wp-content\\\/uploads\\\/2024\\\/05\\\/Collage-FGT.jpg\",\"contentUrl\":\"https:\\\/\\\/gemeinsam-fuer-morgen.eu\\\/wp-content\\\/uploads\\\/2024\\\/05\\\/Collage-FGT.jpg\",\"width\":1600,\"height\":806,\"caption\":\"Screenshot\"},{\"@type\":\"BreadcrumbList\",\"@id\":\"https:\\\/\\\/gemeinsam-fuer-morgen.eu\\\/?p=1165#breadcrumb\",\"itemListElement\":[{\"@type\":\"ListItem\",\"position\":1,\"name\":\"Startseite\",\"item\":\"https:\\\/\\\/gemeinsam-fuer-morgen.eu\\\/\"},{\"@type\":\"ListItem\",\"position\":2,\"name\":\"Toller Fundgrubentag 2024\"}]},{\"@type\":\"WebSite\",\"@id\":\"https:\\\/\\\/gemeinsam-fuer-morgen.eu\\\/#website\",\"url\":\"https:\\\/\\\/gemeinsam-fuer-morgen.eu\\\/\",\"name\":\"Gemeinsam f\u00fcr Morgen e.V.\",\"description\":\"Nachhaltig in die Zukunft\",\"publisher\":{\"@id\":\"https:\\\/\\\/gemeinsam-fuer-morgen.eu\\\/#organization\"},\"potentialAction\":[{\"@type\":\"SearchAction\",\"target\":{\"@type\":\"EntryPoint\",\"urlTemplate\":\"https:\\\/\\\/gemeinsam-fuer-morgen.eu\\\/?s={search_term_string}\"},\"query-input\":{\"@type\":\"PropertyValueSpecification\",\"valueRequired\":true,\"valueName\":\"search_term_string\"}}],\"inLanguage\":\"de\"},{\"@type\":\"Organization\",\"@id\":\"https:\\\/\\\/gemeinsam-fuer-morgen.eu\\\/#organization\",\"name\":\"Gemeinsam f\u00fcr Morgen\",\"url\":\"https:\\\/\\\/gemeinsam-fuer-morgen.eu\\\/\",\"logo\":{\"@type\":\"ImageObject\",\"inLanguage\":\"de\",\"@id\":\"https:\\\/\\\/gemeinsam-fuer-morgen.eu\\\/#\\\/schema\\\/logo\\\/image\\\/\",\"url\":\"https:\\\/\\\/gemeinsam-fuer-morgen.eu\\\/wp-content\\\/uploads\\\/2020\\\/11\\\/cropped-Logo_ohneKasten_GfM-20201009-1.png\",\"contentUrl\":\"https:\\\/\\\/gemeinsam-fuer-morgen.eu\\\/wp-content\\\/uploads\\\/2020\\\/11\\\/cropped-Logo_ohneKasten_GfM-20201009-1.png\",\"width\":9999,\"height\":4991,\"caption\":\"Gemeinsam f\u00fcr Morgen\"},\"image\":{\"@id\":\"https:\\\/\\\/gemeinsam-fuer-morgen.eu\\\/#\\\/schema\\\/logo\\\/image\\\/\"}},{\"@type\":\"Person\",\"@id\":\"https:\\\/\\\/gemeinsam-fuer-morgen.eu\\\/#\\\/schema\\\/person\\\/5badc0becaa07b8289fa9969073283ad\",\"name\":\"Illo Schoor\",\"image\":{\"@type\":\"ImageObject\",\"inLanguage\":\"de\",\"@id\":\"https:\\\/\\\/secure.gravatar.com\\\/avatar\\\/09db2e60778f4848e3116476ffaad9ea34d71cbfd3ce78cc3cedfc8238430028?s=96&d=mm&r=g\",\"url\":\"https:\\\/\\\/secure.gravatar.com\\\/avatar\\\/09db2e60778f4848e3116476ffaad9ea34d71cbfd3ce78cc3cedfc8238430028?s=96&d=mm&r=g\",\"contentUrl\":\"https:\\\/\\\/secure.gravatar.com\\\/avatar\\\/09db2e60778f4848e3116476ffaad9ea34d71cbfd3ce78cc3cedfc8238430028?s=96&d=mm&r=g\",\"caption\":\"Illo Schoor\"},\"url\":\"https:\\\/\\\/gemeinsam-fuer-morgen.eu\\\/?author=2\"}]}<\/script>\n<!-- \/ Yoast SEO plugin. -->","yoast_head_json":{"title":"Toller Fundgrubentag 2024 - Gemeinsam f\u00fcr Morgen e.V.","robots":{"index":"index","follow":"follow","max-snippet":"max-snippet:-1","max-image-preview":"max-image-preview:large","max-video-preview":"max-video-preview:-1"},"canonical":"https:\/\/gemeinsam-fuer-morgen.eu\/?p=1165","og_locale":"de_DE","og_type":"article","og_title":"Toller Fundgrubentag 2024 - Gemeinsam f\u00fcr Morgen e.V.","og_description":"Am Sonntag, 5. Mai 2024 fand zum vierten Mal der Fundgrubentag in B\u00f6tzingen statt, bei dem man gut erhaltene Gegenst\u00e4nde weiterverschenken oder gegen einen passenden Betrag weiterverkaufen konnte \u2013 ganz unkompliziert , direkt Zuhause vor der eigenen Haust\u00fcr. \u00dcber 50 Haushalte \u00fcber das ganze Dorf verteilt, haben mitgemacht. Fast jede Stra\u00dfe hatte einen oder mehrere &hellip; Toller Fundgrubentag 2024 weiterlesen","og_url":"https:\/\/gemeinsam-fuer-morgen.eu\/?p=1165","og_site_name":"Gemeinsam f\u00fcr Morgen e.V.","article_published_time":"2024-05-06T08:37:15+00:00","article_modified_time":"2025-01-04T15:11:39+00:00","og_image":[{"width":1600,"height":806,"url":"https:\/\/gemeinsam-fuer-morgen.eu\/wp-content\/uploads\/2024\/05\/Collage-FGT.jpg","type":"image\/jpeg"}],"author":"Illo Schoor","twitter_card":"summary_large_image","twitter_misc":{"Verfasst von":"Illo Schoor","Gesch\u00e4tzte Lesezeit":"2\u00a0Minuten"},"schema":{"@context":"https:\/\/schema.org","@graph":[{"@type":"Article","@id":"https:\/\/gemeinsam-fuer-morgen.eu\/?p=1165#article","isPartOf":{"@id":"https:\/\/gemeinsam-fuer-morgen.eu\/?p=1165"},"author":{"name":"Illo Schoor","@id":"https:\/\/gemeinsam-fuer-morgen.eu\/#\/schema\/person\/5badc0becaa07b8289fa9969073283ad"},"headline":"Toller Fundgrubentag 2024","datePublished":"2024-05-06T08:37:15+00:00","dateModified":"2025-01-04T15:11:39+00:00","mainEntityOfPage":{"@id":"https:\/\/gemeinsam-fuer-morgen.eu\/?p=1165"},"wordCount":176,"publisher":{"@id":"https:\/\/gemeinsam-fuer-morgen.eu\/#organization"},"image":{"@id":"https:\/\/gemeinsam-fuer-morgen.eu\/?p=1165#primaryimage"},"thumbnailUrl":"https:\/\/gemeinsam-fuer-morgen.eu\/wp-content\/uploads\/2024\/05\/Collage-FGT-1024x516.jpg","articleSection":["2024","Aktionen","M\u00fcllvermeidung","Uncategorized"],"inLanguage":"de"},{"@type":"WebPage","@id":"https:\/\/gemeinsam-fuer-morgen.eu\/?p=1165","url":"https:\/\/gemeinsam-fuer-morgen.eu\/?p=1165","name":"Toller Fundgrubentag 2024 - Gemeinsam f\u00fcr Morgen e.V.","isPartOf":{"@id":"https:\/\/gemeinsam-fuer-morgen.eu\/#website"},"primaryImageOfPage":{"@id":"https:\/\/gemeinsam-fuer-morgen.eu\/?p=1165#primaryimage"},"image":{"@id":"https:\/\/gemeinsam-fuer-morgen.eu\/?p=1165#primaryimage"},"thumbnailUrl":"https:\/\/gemeinsam-fuer-morgen.eu\/wp-content\/uploads\/2024\/05\/Collage-FGT-1024x516.jpg","datePublished":"2024-05-06T08:37:15+00:00","dateModified":"2025-01-04T15:11:39+00:00","breadcrumb":{"@id":"https:\/\/gemeinsam-fuer-morgen.eu\/?p=1165#breadcrumb"},"inLanguage":"de","potentialAction":[{"@type":"ReadAction","target":["https:\/\/gemeinsam-fuer-morgen.eu\/?p=1165"]}]},{"@type":"ImageObject","inLanguage":"de","@id":"https:\/\/gemeinsam-fuer-morgen.eu\/?p=1165#primaryimage","url":"https:\/\/gemeinsam-fuer-morgen.eu\/wp-content\/uploads\/2024\/05\/Collage-FGT.jpg","contentUrl":"https:\/\/gemeinsam-fuer-morgen.eu\/wp-content\/uploads\/2024\/05\/Collage-FGT.jpg","width":1600,"height":806,"caption":"Screenshot"},{"@type":"BreadcrumbList","@id":"https:\/\/gemeinsam-fuer-morgen.eu\/?p=1165#breadcrumb","itemListElement":[{"@type":"ListItem","position":1,"name":"Startseite","item":"https:\/\/gemeinsam-fuer-morgen.eu\/"},{"@type":"ListItem","position":2,"name":"Toller Fundgrubentag 2024"}]},{"@type":"WebSite","@id":"https:\/\/gemeinsam-fuer-morgen.eu\/#website","url":"https:\/\/gemeinsam-fuer-morgen.eu\/","name":"Gemeinsam f\u00fcr Morgen e.V.","description":"Nachhaltig in die Zukunft","publisher":{"@id":"https:\/\/gemeinsam-fuer-morgen.eu\/#organization"},"potentialAction":[{"@type":"SearchAction","target":{"@type":"EntryPoint","urlTemplate":"https:\/\/gemeinsam-fuer-morgen.eu\/?s={search_term_string}"},"query-input":{"@type":"PropertyValueSpecification","valueRequired":true,"valueName":"search_term_string"}}],"inLanguage":"de"},{"@type":"Organization","@id":"https:\/\/gemeinsam-fuer-morgen.eu\/#organization","name":"Gemeinsam f\u00fcr Morgen","url":"https:\/\/gemeinsam-fuer-morgen.eu\/","logo":{"@type":"ImageObject","inLanguage":"de","@id":"https:\/\/gemeinsam-fuer-morgen.eu\/#\/schema\/logo\/image\/","url":"https:\/\/gemeinsam-fuer-morgen.eu\/wp-content\/uploads\/2020\/11\/cropped-Logo_ohneKasten_GfM-20201009-1.png","contentUrl":"https:\/\/gemeinsam-fuer-morgen.eu\/wp-content\/uploads\/2020\/11\/cropped-Logo_ohneKasten_GfM-20201009-1.png","width":9999,"height":4991,"caption":"Gemeinsam f\u00fcr Morgen"},"image":{"@id":"https:\/\/gemeinsam-fuer-morgen.eu\/#\/schema\/logo\/image\/"}},{"@type":"Person","@id":"https:\/\/gemeinsam-fuer-morgen.eu\/#\/schema\/person\/5badc0becaa07b8289fa9969073283ad","name":"Illo Schoor","image":{"@type":"ImageObject","inLanguage":"de","@id":"https:\/\/secure.gravatar.com\/avatar\/09db2e60778f4848e3116476ffaad9ea34d71cbfd3ce78cc3cedfc8238430028?s=96&d=mm&r=g","url":"https:\/\/secure.gravatar.com\/avatar\/09db2e60778f4848e3116476ffaad9ea34d71cbfd3ce78cc3cedfc8238430028?s=96&d=mm&r=g","contentUrl":"https:\/\/secure.gravatar.com\/avatar\/09db2e60778f4848e3116476ffaad9ea34d71cbfd3ce78cc3cedfc8238430028?s=96&d=mm&r=g","caption":"Illo Schoor"},"url":"https:\/\/gemeinsam-fuer-morgen.eu\/?author=2"}]}},"_links":{"self":[{"href":"https:\/\/gemeinsam-fuer-morgen.eu\/index.php?rest_route=\/wp\/v2\/posts\/1165","targetHints":{"allow":["GET"]}}],"collection":[{"href":"https:\/\/gemeinsam-fuer-morgen.eu\/index.php?rest_route=\/wp\/v2\/posts"}],"about":[{"href":"https:\/\/gemeinsam-fuer-morgen.eu\/index.php?rest_route=\/wp\/v2\/types\/post"}],"author":[{"embeddable":true,"href":"https:\/\/gemeinsam-fuer-morgen.eu\/index.php?rest_route=\/wp\/v2\/users\/2"}],"replies":[{"embeddable":true,"href":"https:\/\/gemeinsam-fuer-morgen.eu\/index.php?rest_route=%2Fwp%2Fv2%2Fcomments&post=1165"}],"version-history":[{"count":1,"href":"https:\/\/gemeinsam-fuer-morgen.eu\/index.php?rest_route=\/wp\/v2\/posts\/1165\/revisions"}],"predecessor-version":[{"id":1167,"href":"https:\/\/gemeinsam-fuer-morgen.eu\/index.php?rest_route=\/wp\/v2\/posts\/1165\/revisions\/1167"}],"wp:attachment":[{"href":"https:\/\/gemeinsam-fuer-morgen.eu\/index.php?rest_route=%2Fwp%2Fv2%2Fmedia&parent=1165"}],"wp:term":[{"taxonomy":"category","embeddable":true,"href":"https:\/\/gemeinsam-fuer-morgen.eu\/index.php?rest_route=%2Fwp%2Fv2%2Fcategories&post=1165"},{"taxonomy":"post_tag","embeddable":true,"href":"https:\/\/gemeinsam-fuer-morgen.eu\/index.php?rest_route=%2Fwp%2Fv2%2Ftags&post=1165"}],"curies":[{"name":"wp","href":"https:\/\/api.w.org\/{rel}","templated":true}]}}