{"id":171,"date":"2020-11-20T12:48:09","date_gmt":"2020-11-20T11:48:09","guid":{"rendered":"http:\/\/gemeinsam-fuer-morgen.eu\/?p=171"},"modified":"2020-11-20T12:48:09","modified_gmt":"2020-11-20T11:48:09","slug":"nachhaltig-reisen-aber-wie-4","status":"publish","type":"post","link":"https:\/\/gemeinsam-fuer-morgen.eu\/?p=171","title":{"rendered":"Nachhaltig reisen \u2013 aber wie?"},"content":{"rendered":"\n<p><strong>Flugreisen<\/strong><\/p>\n\n\n\n<p>Du kommst um einen Flug (vielleicht auch aus beruflichen Gr\u00fcnden?) nicht drum rum, m\u00f6chtest dem Klima aber trotzdem etwas Gutes tun?<br>Dann solltest du wissen, dass Direktfl\u00fcge weniger klimabelastend sind als Fl\u00fcge mit Zwischenstopps. Au\u00dferdem gibt es im Internet mehrere CO2 Rechner (zB. www.co2.myclimate.org) anhand deren du die H\u00f6he der Emissionen ausrechnen und eine Ausgleichszahlung an eine Klimaschutzoraganisation zahlen kannst. Auf www.umweltbundesamt .de findest du hierzu die notwendigen Hinweise.<\/p>\n","protected":false},"excerpt":{"rendered":"<p>Flugreisen Du kommst um einen Flug (vielleicht auch aus beruflichen Gr\u00fcnden?) nicht drum rum, m\u00f6chtest dem Klima aber trotzdem etwas Gutes tun?Dann solltest du wissen, dass Direktfl\u00fcge weniger klimabelastend sind als Fl\u00fcge mit Zwischenstopps. Au\u00dferdem gibt es im Internet mehrere CO2 Rechner (zB. www.co2.myclimate.org) anhand deren du die H\u00f6he der Emissionen ausrechnen und eine Ausgleichszahlung &hellip; <a href=\"https:\/\/gemeinsam-fuer-morgen.eu\/?p=171\" class=\"more-link\"><span class=\"screen-reader-text\">Nachhaltig reisen \u2013 aber wie?<\/span> weiterlesen<\/a><\/p>\n","protected":false},"author":1,"featured_media":0,"comment_status":"open","ping_status":"open","sticky":false,"template":"","format":"standard","meta":{"footnotes":""},"categories":[5,7],"tags":[],"class_list":["post-171","post","type-post","status-publish","format-standard","hentry","category-reisen","category-tipps"],"yoast_head":"<!-- This site is optimized with the Yoast SEO plugin v27.5 - https:\/\/yoast.com\/product\/yoast-seo-wordpress\/ -->\n<title>Nachhaltig reisen \u2013 aber wie? - Gemeinsam f\u00fcr Morgen e.V.<\/title>\n<meta name=\"robots\" content=\"index, follow, max-snippet:-1, max-image-preview:large, max-video-preview:-1\" \/>\n<link rel=\"canonical\" href=\"https:\/\/gemeinsam-fuer-morgen.eu\/?p=171\" \/>\n<meta property=\"og:locale\" content=\"de_DE\" \/>\n<meta property=\"og:type\" content=\"article\" \/>\n<meta property=\"og:title\" content=\"Nachhaltig reisen \u2013 aber wie? - Gemeinsam f\u00fcr Morgen e.V.\" \/>\n<meta property=\"og:description\" content=\"Flugreisen Du kommst um einen Flug (vielleicht auch aus beruflichen Gr\u00fcnden?) nicht drum rum, m\u00f6chtest dem Klima aber trotzdem etwas Gutes tun?Dann solltest du wissen, dass Direktfl\u00fcge weniger klimabelastend sind als Fl\u00fcge mit Zwischenstopps. Au\u00dferdem gibt es im Internet mehrere CO2 Rechner (zB. www.co2.myclimate.org) anhand deren du die H\u00f6he der Emissionen ausrechnen und eine Ausgleichszahlung &hellip; Nachhaltig reisen \u2013 aber wie? weiterlesen\" \/>\n<meta property=\"og:url\" content=\"https:\/\/gemeinsam-fuer-morgen.eu\/?p=171\" \/>\n<meta property=\"og:site_name\" content=\"Gemeinsam f\u00fcr Morgen e.V.\" \/>\n<meta property=\"article:published_time\" content=\"2020-11-20T11:48:09+00:00\" \/>\n<meta name=\"author\" content=\"R\" \/>\n<meta name=\"twitter:card\" content=\"summary_large_image\" \/>\n<meta name=\"twitter:label1\" content=\"Verfasst von\" \/>\n\t<meta name=\"twitter:data1\" content=\"R\" \/>\n<script type=\"application\/ld+json\" class=\"yoast-schema-graph\">{\"@context\":\"https:\\\/\\\/schema.org\",\"@graph\":[{\"@type\":\"Article\",\"@id\":\"https:\\\/\\\/gemeinsam-fuer-morgen.eu\\\/?p=171#article\",\"isPartOf\":{\"@id\":\"https:\\\/\\\/gemeinsam-fuer-morgen.eu\\\/?p=171\"},\"author\":{\"name\":\"R\",\"@id\":\"https:\\\/\\\/gemeinsam-fuer-morgen.eu\\\/#\\\/schema\\\/person\\\/8f7d85d4d3406e06ca43164c115099ef\"},\"headline\":\"Nachhaltig reisen \u2013 aber wie?\",\"datePublished\":\"2020-11-20T11:48:09+00:00\",\"mainEntityOfPage\":{\"@id\":\"https:\\\/\\\/gemeinsam-fuer-morgen.eu\\\/?p=171\"},\"wordCount\":84,\"commentCount\":0,\"publisher\":{\"@id\":\"https:\\\/\\\/gemeinsam-fuer-morgen.eu\\\/#organization\"},\"articleSection\":[\"Reisen\",\"Tipps\"],\"inLanguage\":\"de\",\"potentialAction\":[{\"@type\":\"CommentAction\",\"name\":\"Comment\",\"target\":[\"https:\\\/\\\/gemeinsam-fuer-morgen.eu\\\/?p=171#respond\"]}]},{\"@type\":\"WebPage\",\"@id\":\"https:\\\/\\\/gemeinsam-fuer-morgen.eu\\\/?p=171\",\"url\":\"https:\\\/\\\/gemeinsam-fuer-morgen.eu\\\/?p=171\",\"name\":\"Nachhaltig reisen \u2013 aber wie? - Gemeinsam f\u00fcr Morgen e.V.\",\"isPartOf\":{\"@id\":\"https:\\\/\\\/gemeinsam-fuer-morgen.eu\\\/#website\"},\"datePublished\":\"2020-11-20T11:48:09+00:00\",\"breadcrumb\":{\"@id\":\"https:\\\/\\\/gemeinsam-fuer-morgen.eu\\\/?p=171#breadcrumb\"},\"inLanguage\":\"de\",\"potentialAction\":[{\"@type\":\"ReadAction\",\"target\":[\"https:\\\/\\\/gemeinsam-fuer-morgen.eu\\\/?p=171\"]}]},{\"@type\":\"BreadcrumbList\",\"@id\":\"https:\\\/\\\/gemeinsam-fuer-morgen.eu\\\/?p=171#breadcrumb\",\"itemListElement\":[{\"@type\":\"ListItem\",\"position\":1,\"name\":\"Startseite\",\"item\":\"https:\\\/\\\/gemeinsam-fuer-morgen.eu\\\/\"},{\"@type\":\"ListItem\",\"position\":2,\"name\":\"Nachhaltig reisen \u2013 aber wie?\"}]},{\"@type\":\"WebSite\",\"@id\":\"https:\\\/\\\/gemeinsam-fuer-morgen.eu\\\/#website\",\"url\":\"https:\\\/\\\/gemeinsam-fuer-morgen.eu\\\/\",\"name\":\"Gemeinsam f\u00fcr Morgen e.V.\",\"description\":\"Nachhaltig in die Zukunft\",\"publisher\":{\"@id\":\"https:\\\/\\\/gemeinsam-fuer-morgen.eu\\\/#organization\"},\"potentialAction\":[{\"@type\":\"SearchAction\",\"target\":{\"@type\":\"EntryPoint\",\"urlTemplate\":\"https:\\\/\\\/gemeinsam-fuer-morgen.eu\\\/?s={search_term_string}\"},\"query-input\":{\"@type\":\"PropertyValueSpecification\",\"valueRequired\":true,\"valueName\":\"search_term_string\"}}],\"inLanguage\":\"de\"},{\"@type\":\"Organization\",\"@id\":\"https:\\\/\\\/gemeinsam-fuer-morgen.eu\\\/#organization\",\"name\":\"Gemeinsam f\u00fcr Morgen\",\"url\":\"https:\\\/\\\/gemeinsam-fuer-morgen.eu\\\/\",\"logo\":{\"@type\":\"ImageObject\",\"inLanguage\":\"de\",\"@id\":\"https:\\\/\\\/gemeinsam-fuer-morgen.eu\\\/#\\\/schema\\\/logo\\\/image\\\/\",\"url\":\"https:\\\/\\\/gemeinsam-fuer-morgen.eu\\\/wp-content\\\/uploads\\\/2020\\\/11\\\/cropped-Logo_ohneKasten_GfM-20201009-1.png\",\"contentUrl\":\"https:\\\/\\\/gemeinsam-fuer-morgen.eu\\\/wp-content\\\/uploads\\\/2020\\\/11\\\/cropped-Logo_ohneKasten_GfM-20201009-1.png\",\"width\":9999,\"height\":4991,\"caption\":\"Gemeinsam f\u00fcr Morgen\"},\"image\":{\"@id\":\"https:\\\/\\\/gemeinsam-fuer-morgen.eu\\\/#\\\/schema\\\/logo\\\/image\\\/\"}},{\"@type\":\"Person\",\"@id\":\"https:\\\/\\\/gemeinsam-fuer-morgen.eu\\\/#\\\/schema\\\/person\\\/8f7d85d4d3406e06ca43164c115099ef\",\"name\":\"R\",\"image\":{\"@type\":\"ImageObject\",\"inLanguage\":\"de\",\"@id\":\"https:\\\/\\\/secure.gravatar.com\\\/avatar\\\/97625508e9007885cf98f8c34b1108dbff733345040539555b8a029f6d5b7e77?s=96&d=mm&r=g\",\"url\":\"https:\\\/\\\/secure.gravatar.com\\\/avatar\\\/97625508e9007885cf98f8c34b1108dbff733345040539555b8a029f6d5b7e77?s=96&d=mm&r=g\",\"contentUrl\":\"https:\\\/\\\/secure.gravatar.com\\\/avatar\\\/97625508e9007885cf98f8c34b1108dbff733345040539555b8a029f6d5b7e77?s=96&d=mm&r=g\",\"caption\":\"R\"},\"url\":\"https:\\\/\\\/gemeinsam-fuer-morgen.eu\\\/?author=1\"}]}<\/script>\n<!-- \/ Yoast SEO plugin. -->","yoast_head_json":{"title":"Nachhaltig reisen \u2013 aber wie? - Gemeinsam f\u00fcr Morgen e.V.","robots":{"index":"index","follow":"follow","max-snippet":"max-snippet:-1","max-image-preview":"max-image-preview:large","max-video-preview":"max-video-preview:-1"},"canonical":"https:\/\/gemeinsam-fuer-morgen.eu\/?p=171","og_locale":"de_DE","og_type":"article","og_title":"Nachhaltig reisen \u2013 aber wie? - Gemeinsam f\u00fcr Morgen e.V.","og_description":"Flugreisen Du kommst um einen Flug (vielleicht auch aus beruflichen Gr\u00fcnden?) nicht drum rum, m\u00f6chtest dem Klima aber trotzdem etwas Gutes tun?Dann solltest du wissen, dass Direktfl\u00fcge weniger klimabelastend sind als Fl\u00fcge mit Zwischenstopps. Au\u00dferdem gibt es im Internet mehrere CO2 Rechner (zB. www.co2.myclimate.org) anhand deren du die H\u00f6he der Emissionen ausrechnen und eine Ausgleichszahlung &hellip; Nachhaltig reisen \u2013 aber wie? weiterlesen","og_url":"https:\/\/gemeinsam-fuer-morgen.eu\/?p=171","og_site_name":"Gemeinsam f\u00fcr Morgen e.V.","article_published_time":"2020-11-20T11:48:09+00:00","author":"R","twitter_card":"summary_large_image","twitter_misc":{"Verfasst von":"R"},"schema":{"@context":"https:\/\/schema.org","@graph":[{"@type":"Article","@id":"https:\/\/gemeinsam-fuer-morgen.eu\/?p=171#article","isPartOf":{"@id":"https:\/\/gemeinsam-fuer-morgen.eu\/?p=171"},"author":{"name":"R","@id":"https:\/\/gemeinsam-fuer-morgen.eu\/#\/schema\/person\/8f7d85d4d3406e06ca43164c115099ef"},"headline":"Nachhaltig reisen \u2013 aber wie?","datePublished":"2020-11-20T11:48:09+00:00","mainEntityOfPage":{"@id":"https:\/\/gemeinsam-fuer-morgen.eu\/?p=171"},"wordCount":84,"commentCount":0,"publisher":{"@id":"https:\/\/gemeinsam-fuer-morgen.eu\/#organization"},"articleSection":["Reisen","Tipps"],"inLanguage":"de","potentialAction":[{"@type":"CommentAction","name":"Comment","target":["https:\/\/gemeinsam-fuer-morgen.eu\/?p=171#respond"]}]},{"@type":"WebPage","@id":"https:\/\/gemeinsam-fuer-morgen.eu\/?p=171","url":"https:\/\/gemeinsam-fuer-morgen.eu\/?p=171","name":"Nachhaltig reisen \u2013 aber wie? - Gemeinsam f\u00fcr Morgen e.V.","isPartOf":{"@id":"https:\/\/gemeinsam-fuer-morgen.eu\/#website"},"datePublished":"2020-11-20T11:48:09+00:00","breadcrumb":{"@id":"https:\/\/gemeinsam-fuer-morgen.eu\/?p=171#breadcrumb"},"inLanguage":"de","potentialAction":[{"@type":"ReadAction","target":["https:\/\/gemeinsam-fuer-morgen.eu\/?p=171"]}]},{"@type":"BreadcrumbList","@id":"https:\/\/gemeinsam-fuer-morgen.eu\/?p=171#breadcrumb","itemListElement":[{"@type":"ListItem","position":1,"name":"Startseite","item":"https:\/\/gemeinsam-fuer-morgen.eu\/"},{"@type":"ListItem","position":2,"name":"Nachhaltig reisen \u2013 aber wie?"}]},{"@type":"WebSite","@id":"https:\/\/gemeinsam-fuer-morgen.eu\/#website","url":"https:\/\/gemeinsam-fuer-morgen.eu\/","name":"Gemeinsam f\u00fcr Morgen e.V.","description":"Nachhaltig in die Zukunft","publisher":{"@id":"https:\/\/gemeinsam-fuer-morgen.eu\/#organization"},"potentialAction":[{"@type":"SearchAction","target":{"@type":"EntryPoint","urlTemplate":"https:\/\/gemeinsam-fuer-morgen.eu\/?s={search_term_string}"},"query-input":{"@type":"PropertyValueSpecification","valueRequired":true,"valueName":"search_term_string"}}],"inLanguage":"de"},{"@type":"Organization","@id":"https:\/\/gemeinsam-fuer-morgen.eu\/#organization","name":"Gemeinsam f\u00fcr Morgen","url":"https:\/\/gemeinsam-fuer-morgen.eu\/","logo":{"@type":"ImageObject","inLanguage":"de","@id":"https:\/\/gemeinsam-fuer-morgen.eu\/#\/schema\/logo\/image\/","url":"https:\/\/gemeinsam-fuer-morgen.eu\/wp-content\/uploads\/2020\/11\/cropped-Logo_ohneKasten_GfM-20201009-1.png","contentUrl":"https:\/\/gemeinsam-fuer-morgen.eu\/wp-content\/uploads\/2020\/11\/cropped-Logo_ohneKasten_GfM-20201009-1.png","width":9999,"height":4991,"caption":"Gemeinsam f\u00fcr Morgen"},"image":{"@id":"https:\/\/gemeinsam-fuer-morgen.eu\/#\/schema\/logo\/image\/"}},{"@type":"Person","@id":"https:\/\/gemeinsam-fuer-morgen.eu\/#\/schema\/person\/8f7d85d4d3406e06ca43164c115099ef","name":"R","image":{"@type":"ImageObject","inLanguage":"de","@id":"https:\/\/secure.gravatar.com\/avatar\/97625508e9007885cf98f8c34b1108dbff733345040539555b8a029f6d5b7e77?s=96&d=mm&r=g","url":"https:\/\/secure.gravatar.com\/avatar\/97625508e9007885cf98f8c34b1108dbff733345040539555b8a029f6d5b7e77?s=96&d=mm&r=g","contentUrl":"https:\/\/secure.gravatar.com\/avatar\/97625508e9007885cf98f8c34b1108dbff733345040539555b8a029f6d5b7e77?s=96&d=mm&r=g","caption":"R"},"url":"https:\/\/gemeinsam-fuer-morgen.eu\/?author=1"}]}},"_links":{"self":[{"href":"https:\/\/gemeinsam-fuer-morgen.eu\/index.php?rest_route=\/wp\/v2\/posts\/171","targetHints":{"allow":["GET"]}}],"collection":[{"href":"https:\/\/gemeinsam-fuer-morgen.eu\/index.php?rest_route=\/wp\/v2\/posts"}],"about":[{"href":"https:\/\/gemeinsam-fuer-morgen.eu\/index.php?rest_route=\/wp\/v2\/types\/post"}],"author":[{"embeddable":true,"href":"https:\/\/gemeinsam-fuer-morgen.eu\/index.php?rest_route=\/wp\/v2\/users\/1"}],"replies":[{"embeddable":true,"href":"https:\/\/gemeinsam-fuer-morgen.eu\/index.php?rest_route=%2Fwp%2Fv2%2Fcomments&post=171"}],"version-history":[{"count":1,"href":"https:\/\/gemeinsam-fuer-morgen.eu\/index.php?rest_route=\/wp\/v2\/posts\/171\/revisions"}],"predecessor-version":[{"id":172,"href":"https:\/\/gemeinsam-fuer-morgen.eu\/index.php?rest_route=\/wp\/v2\/posts\/171\/revisions\/172"}],"wp:attachment":[{"href":"https:\/\/gemeinsam-fuer-morgen.eu\/index.php?rest_route=%2Fwp%2Fv2%2Fmedia&parent=171"}],"wp:term":[{"taxonomy":"category","embeddable":true,"href":"https:\/\/gemeinsam-fuer-morgen.eu\/index.php?rest_route=%2Fwp%2Fv2%2Fcategories&post=171"},{"taxonomy":"post_tag","embeddable":true,"href":"https:\/\/gemeinsam-fuer-morgen.eu\/index.php?rest_route=%2Fwp%2Fv2%2Ftags&post=171"}],"curies":[{"name":"wp","href":"https:\/\/api.w.org\/{rel}","templated":true}]}}