{"id":253,"date":"2020-12-14T20:40:00","date_gmt":"2020-12-14T19:40:00","guid":{"rendered":"https:\/\/gemeinsam-fuer-morgen.eu\/?p=253"},"modified":"2020-12-14T20:48:10","modified_gmt":"2020-12-14T19:48:10","slug":"schneller-oekostrom-fuers-e-auto","status":"publish","type":"post","link":"https:\/\/gemeinsam-fuer-morgen.eu\/?p=253","title":{"rendered":"Schneller \u00d6kostrom f\u00fcr\u2019s E-Auto"},"content":{"rendered":"\n<p>Von der Klimaschutz-Initiative Gottenheim &#8211; Danke!<\/p>\n\n\n\n<p><\/p>\n\n\n\n<p>Klar ist: wer heutzutage unterwegs sein will, sollte dies mit einem m\u00f6glichst kleinen CO<sub>2<\/sub>-Aussto\u00df tun. Da ist die Nutzung eines Elektro-Autos eine Option, vorausgesetzt der Strom daf\u00fcr stammt aus erneuerbaren Quellen wie Wind-\/ Wasserkraft oder Sonne.&nbsp;<\/p>\n\n\n\n<p>Das Bundesverkehrsministerium hat erstmals ein F\u00f6rderprogramm f\u00fcr privat genutzte Ladestationen f\u00fcr Elektrofahrzeuge (\u201eWallbox\u201c) aufgelegt. Seit dem 24. November k\u00f6nnen die Online-Antr\u00e4ge bei der KfW gestellt werden. Mit dem neuen F\u00f6rderprogramm will die Bundesregierung Privatpersonen motivieren, auf elektrisch betriebene Fahrzeuge umzusteigen und hierf\u00fcr eine ausreichende Ladem\u00f6glichkeit am eigenen Stellplatz oder in der Garage zu schaffen.&nbsp;<\/p>\n\n\n\n<p>Das neue Programm tr\u00e4gt den Namen \u201eLadestationen f\u00fcr Elektroautos \u2013 Wohngeb\u00e4ude\u201c (KfW 440). Der Investitionszuschuss betr\u00e4gt stolze 900 Euro je Ladepunkt. Es gilt dabei folgendes zu beachten: 1. darf die bezuschusste Wallbox nur an privat genutzten Stellpl\u00e4tzen von Wohngeb\u00e4uden installiert werden; 2. muss der Ladestrom vollst\u00e4ndig aus erneuerbaren Energien stammen. Der \u00d6kostrom kann \u00fcber einen entsprechenden Liefervertrag und\/oder aus Eigenerzeugung vor Ort, zum Beispiel aus einer Photovoltaikanlage, bezogen werden. Wer in dem Zuge auch ein PV-Anlage installieren lassen m\u00f6chte, kann den Ladestation-Zuschuss mit dem KfW-Darlehen 270 kombinieren; 3. die Ladeleistung soll genau elf Kilowatt betragen; 4. muss sie intelligent gesteuert werden k\u00f6nnen. Kontaktieren Sie hierzu fr\u00fchzeitig Ihre Stadtwerke oder den Elektrofachbetrieb Ihres Vertrauens.&nbsp;<\/p>\n\n\n\n<p>Der Antrag muss vor der Bestellung der Ladeeinrichtung gestellt und von der KfW best\u00e4tigt werden. Unter\u00a0<a rel=\"noreferrer noopener\" href=\"http:\/\/www.kfw.de\/\" target=\"_blank\">www.kfw.de<\/a> finden sich weitere Informationen sowie eine Liste der f\u00f6rderf\u00e4higen Ger\u00e4te und Antragsberechtigten (z.B. auch Mieter_innen, WEGn, \u2013Genossenschaften). Mit dem neuen Wohnungseigentumsmodernisierungs-Gesetz gilt seit 01.12.2020: Eigent\u00fcmer*innen haben das Recht, auf eigene Kosten eine Ladestation zu installieren \u2013 zur Not auch ohne Beschluss der WEG.\u00a0<\/p>\n\n\n\n<p>Mit der neuen gef\u00f6rderten Wallbox laden Sie Ihr E-Auto dann z\u00fcgiger als an der normalen Steckdose und sind dank \u00d6kostrom anschlie\u00dfend emissionsfrei mobil.&nbsp;<\/p>\n","protected":false},"excerpt":{"rendered":"<p>Von der Klimaschutz-Initiative Gottenheim &#8211; Danke! Klar ist: wer heutzutage unterwegs sein will, sollte dies mit einem m\u00f6glichst kleinen CO2-Aussto\u00df tun. Da ist die Nutzung eines Elektro-Autos eine Option, vorausgesetzt der Strom daf\u00fcr stammt aus erneuerbaren Quellen wie Wind-\/ Wasserkraft oder Sonne.&nbsp; Das Bundesverkehrsministerium hat erstmals ein F\u00f6rderprogramm f\u00fcr privat genutzte Ladestationen f\u00fcr Elektrofahrzeuge (\u201eWallbox\u201c) &hellip; <a href=\"https:\/\/gemeinsam-fuer-morgen.eu\/?p=253\" class=\"more-link\"><span class=\"screen-reader-text\">Schneller \u00d6kostrom f\u00fcr\u2019s E-Auto<\/span> weiterlesen<\/a><\/p>\n","protected":false},"author":2,"featured_media":0,"comment_status":"open","ping_status":"open","sticky":false,"template":"","format":"standard","meta":{"footnotes":""},"categories":[26,4,13,7],"tags":[],"class_list":["post-253","post","type-post","status-publish","format-standard","hentry","category-auto","category-energie","category-klimaschutz","category-tipps"],"yoast_head":"<!-- This site is optimized with the Yoast SEO plugin v27.5 - https:\/\/yoast.com\/product\/yoast-seo-wordpress\/ -->\n<title>Schneller \u00d6kostrom f\u00fcr\u2019s E-Auto - Gemeinsam f\u00fcr Morgen e.V.<\/title>\n<meta name=\"robots\" content=\"index, follow, max-snippet:-1, max-image-preview:large, max-video-preview:-1\" \/>\n<link rel=\"canonical\" href=\"https:\/\/gemeinsam-fuer-morgen.eu\/?p=253\" \/>\n<meta property=\"og:locale\" content=\"de_DE\" \/>\n<meta property=\"og:type\" content=\"article\" \/>\n<meta property=\"og:title\" content=\"Schneller \u00d6kostrom f\u00fcr\u2019s E-Auto - Gemeinsam f\u00fcr Morgen e.V.\" \/>\n<meta property=\"og:description\" content=\"Von der Klimaschutz-Initiative Gottenheim &#8211; Danke! Klar ist: wer heutzutage unterwegs sein will, sollte dies mit einem m\u00f6glichst kleinen CO2-Aussto\u00df tun. Da ist die Nutzung eines Elektro-Autos eine Option, vorausgesetzt der Strom daf\u00fcr stammt aus erneuerbaren Quellen wie Wind-\/ Wasserkraft oder Sonne.&nbsp; Das Bundesverkehrsministerium hat erstmals ein F\u00f6rderprogramm f\u00fcr privat genutzte Ladestationen f\u00fcr Elektrofahrzeuge (\u201eWallbox\u201c) &hellip; Schneller \u00d6kostrom f\u00fcr\u2019s E-Auto weiterlesen\" \/>\n<meta property=\"og:url\" content=\"https:\/\/gemeinsam-fuer-morgen.eu\/?p=253\" \/>\n<meta property=\"og:site_name\" content=\"Gemeinsam f\u00fcr Morgen e.V.\" \/>\n<meta property=\"article:published_time\" content=\"2020-12-14T19:40:00+00:00\" \/>\n<meta property=\"article:modified_time\" content=\"2020-12-14T19:48:10+00:00\" \/>\n<meta name=\"author\" content=\"Illo Schoor\" \/>\n<meta name=\"twitter:card\" content=\"summary_large_image\" \/>\n<meta name=\"twitter:label1\" content=\"Verfasst von\" \/>\n\t<meta name=\"twitter:data1\" content=\"Illo Schoor\" \/>\n\t<meta name=\"twitter:label2\" content=\"Gesch\u00e4tzte Lesezeit\" \/>\n\t<meta name=\"twitter:data2\" content=\"2\u00a0Minuten\" \/>\n<script type=\"application\/ld+json\" class=\"yoast-schema-graph\">{\"@context\":\"https:\\\/\\\/schema.org\",\"@graph\":[{\"@type\":\"Article\",\"@id\":\"https:\\\/\\\/gemeinsam-fuer-morgen.eu\\\/?p=253#article\",\"isPartOf\":{\"@id\":\"https:\\\/\\\/gemeinsam-fuer-morgen.eu\\\/?p=253\"},\"author\":{\"name\":\"Illo Schoor\",\"@id\":\"https:\\\/\\\/gemeinsam-fuer-morgen.eu\\\/#\\\/schema\\\/person\\\/5badc0becaa07b8289fa9969073283ad\"},\"headline\":\"Schneller \u00d6kostrom f\u00fcr\u2019s E-Auto\",\"datePublished\":\"2020-12-14T19:40:00+00:00\",\"dateModified\":\"2020-12-14T19:48:10+00:00\",\"mainEntityOfPage\":{\"@id\":\"https:\\\/\\\/gemeinsam-fuer-morgen.eu\\\/?p=253\"},\"wordCount\":326,\"commentCount\":0,\"publisher\":{\"@id\":\"https:\\\/\\\/gemeinsam-fuer-morgen.eu\\\/#organization\"},\"articleSection\":[\"Auto\",\"Energie\",\"Klimaschutz\",\"Tipps\"],\"inLanguage\":\"de\",\"potentialAction\":[{\"@type\":\"CommentAction\",\"name\":\"Comment\",\"target\":[\"https:\\\/\\\/gemeinsam-fuer-morgen.eu\\\/?p=253#respond\"]}]},{\"@type\":\"WebPage\",\"@id\":\"https:\\\/\\\/gemeinsam-fuer-morgen.eu\\\/?p=253\",\"url\":\"https:\\\/\\\/gemeinsam-fuer-morgen.eu\\\/?p=253\",\"name\":\"Schneller \u00d6kostrom f\u00fcr\u2019s E-Auto - Gemeinsam f\u00fcr Morgen e.V.\",\"isPartOf\":{\"@id\":\"https:\\\/\\\/gemeinsam-fuer-morgen.eu\\\/#website\"},\"datePublished\":\"2020-12-14T19:40:00+00:00\",\"dateModified\":\"2020-12-14T19:48:10+00:00\",\"breadcrumb\":{\"@id\":\"https:\\\/\\\/gemeinsam-fuer-morgen.eu\\\/?p=253#breadcrumb\"},\"inLanguage\":\"de\",\"potentialAction\":[{\"@type\":\"ReadAction\",\"target\":[\"https:\\\/\\\/gemeinsam-fuer-morgen.eu\\\/?p=253\"]}]},{\"@type\":\"BreadcrumbList\",\"@id\":\"https:\\\/\\\/gemeinsam-fuer-morgen.eu\\\/?p=253#breadcrumb\",\"itemListElement\":[{\"@type\":\"ListItem\",\"position\":1,\"name\":\"Startseite\",\"item\":\"https:\\\/\\\/gemeinsam-fuer-morgen.eu\\\/\"},{\"@type\":\"ListItem\",\"position\":2,\"name\":\"Schneller \u00d6kostrom f\u00fcr\u2019s E-Auto\"}]},{\"@type\":\"WebSite\",\"@id\":\"https:\\\/\\\/gemeinsam-fuer-morgen.eu\\\/#website\",\"url\":\"https:\\\/\\\/gemeinsam-fuer-morgen.eu\\\/\",\"name\":\"Gemeinsam f\u00fcr Morgen e.V.\",\"description\":\"Nachhaltig in die Zukunft\",\"publisher\":{\"@id\":\"https:\\\/\\\/gemeinsam-fuer-morgen.eu\\\/#organization\"},\"potentialAction\":[{\"@type\":\"SearchAction\",\"target\":{\"@type\":\"EntryPoint\",\"urlTemplate\":\"https:\\\/\\\/gemeinsam-fuer-morgen.eu\\\/?s={search_term_string}\"},\"query-input\":{\"@type\":\"PropertyValueSpecification\",\"valueRequired\":true,\"valueName\":\"search_term_string\"}}],\"inLanguage\":\"de\"},{\"@type\":\"Organization\",\"@id\":\"https:\\\/\\\/gemeinsam-fuer-morgen.eu\\\/#organization\",\"name\":\"Gemeinsam f\u00fcr Morgen\",\"url\":\"https:\\\/\\\/gemeinsam-fuer-morgen.eu\\\/\",\"logo\":{\"@type\":\"ImageObject\",\"inLanguage\":\"de\",\"@id\":\"https:\\\/\\\/gemeinsam-fuer-morgen.eu\\\/#\\\/schema\\\/logo\\\/image\\\/\",\"url\":\"https:\\\/\\\/gemeinsam-fuer-morgen.eu\\\/wp-content\\\/uploads\\\/2020\\\/11\\\/cropped-Logo_ohneKasten_GfM-20201009-1.png\",\"contentUrl\":\"https:\\\/\\\/gemeinsam-fuer-morgen.eu\\\/wp-content\\\/uploads\\\/2020\\\/11\\\/cropped-Logo_ohneKasten_GfM-20201009-1.png\",\"width\":9999,\"height\":4991,\"caption\":\"Gemeinsam f\u00fcr Morgen\"},\"image\":{\"@id\":\"https:\\\/\\\/gemeinsam-fuer-morgen.eu\\\/#\\\/schema\\\/logo\\\/image\\\/\"}},{\"@type\":\"Person\",\"@id\":\"https:\\\/\\\/gemeinsam-fuer-morgen.eu\\\/#\\\/schema\\\/person\\\/5badc0becaa07b8289fa9969073283ad\",\"name\":\"Illo Schoor\",\"image\":{\"@type\":\"ImageObject\",\"inLanguage\":\"de\",\"@id\":\"https:\\\/\\\/secure.gravatar.com\\\/avatar\\\/09db2e60778f4848e3116476ffaad9ea34d71cbfd3ce78cc3cedfc8238430028?s=96&d=mm&r=g\",\"url\":\"https:\\\/\\\/secure.gravatar.com\\\/avatar\\\/09db2e60778f4848e3116476ffaad9ea34d71cbfd3ce78cc3cedfc8238430028?s=96&d=mm&r=g\",\"contentUrl\":\"https:\\\/\\\/secure.gravatar.com\\\/avatar\\\/09db2e60778f4848e3116476ffaad9ea34d71cbfd3ce78cc3cedfc8238430028?s=96&d=mm&r=g\",\"caption\":\"Illo Schoor\"},\"url\":\"https:\\\/\\\/gemeinsam-fuer-morgen.eu\\\/?author=2\"}]}<\/script>\n<!-- \/ Yoast SEO plugin. -->","yoast_head_json":{"title":"Schneller \u00d6kostrom f\u00fcr\u2019s E-Auto - Gemeinsam f\u00fcr Morgen e.V.","robots":{"index":"index","follow":"follow","max-snippet":"max-snippet:-1","max-image-preview":"max-image-preview:large","max-video-preview":"max-video-preview:-1"},"canonical":"https:\/\/gemeinsam-fuer-morgen.eu\/?p=253","og_locale":"de_DE","og_type":"article","og_title":"Schneller \u00d6kostrom f\u00fcr\u2019s E-Auto - Gemeinsam f\u00fcr Morgen e.V.","og_description":"Von der Klimaschutz-Initiative Gottenheim &#8211; Danke! Klar ist: wer heutzutage unterwegs sein will, sollte dies mit einem m\u00f6glichst kleinen CO2-Aussto\u00df tun. Da ist die Nutzung eines Elektro-Autos eine Option, vorausgesetzt der Strom daf\u00fcr stammt aus erneuerbaren Quellen wie Wind-\/ Wasserkraft oder Sonne.&nbsp; Das Bundesverkehrsministerium hat erstmals ein F\u00f6rderprogramm f\u00fcr privat genutzte Ladestationen f\u00fcr Elektrofahrzeuge (\u201eWallbox\u201c) &hellip; Schneller \u00d6kostrom f\u00fcr\u2019s E-Auto weiterlesen","og_url":"https:\/\/gemeinsam-fuer-morgen.eu\/?p=253","og_site_name":"Gemeinsam f\u00fcr Morgen e.V.","article_published_time":"2020-12-14T19:40:00+00:00","article_modified_time":"2020-12-14T19:48:10+00:00","author":"Illo Schoor","twitter_card":"summary_large_image","twitter_misc":{"Verfasst von":"Illo Schoor","Gesch\u00e4tzte Lesezeit":"2\u00a0Minuten"},"schema":{"@context":"https:\/\/schema.org","@graph":[{"@type":"Article","@id":"https:\/\/gemeinsam-fuer-morgen.eu\/?p=253#article","isPartOf":{"@id":"https:\/\/gemeinsam-fuer-morgen.eu\/?p=253"},"author":{"name":"Illo Schoor","@id":"https:\/\/gemeinsam-fuer-morgen.eu\/#\/schema\/person\/5badc0becaa07b8289fa9969073283ad"},"headline":"Schneller \u00d6kostrom f\u00fcr\u2019s E-Auto","datePublished":"2020-12-14T19:40:00+00:00","dateModified":"2020-12-14T19:48:10+00:00","mainEntityOfPage":{"@id":"https:\/\/gemeinsam-fuer-morgen.eu\/?p=253"},"wordCount":326,"commentCount":0,"publisher":{"@id":"https:\/\/gemeinsam-fuer-morgen.eu\/#organization"},"articleSection":["Auto","Energie","Klimaschutz","Tipps"],"inLanguage":"de","potentialAction":[{"@type":"CommentAction","name":"Comment","target":["https:\/\/gemeinsam-fuer-morgen.eu\/?p=253#respond"]}]},{"@type":"WebPage","@id":"https:\/\/gemeinsam-fuer-morgen.eu\/?p=253","url":"https:\/\/gemeinsam-fuer-morgen.eu\/?p=253","name":"Schneller \u00d6kostrom f\u00fcr\u2019s E-Auto - Gemeinsam f\u00fcr Morgen e.V.","isPartOf":{"@id":"https:\/\/gemeinsam-fuer-morgen.eu\/#website"},"datePublished":"2020-12-14T19:40:00+00:00","dateModified":"2020-12-14T19:48:10+00:00","breadcrumb":{"@id":"https:\/\/gemeinsam-fuer-morgen.eu\/?p=253#breadcrumb"},"inLanguage":"de","potentialAction":[{"@type":"ReadAction","target":["https:\/\/gemeinsam-fuer-morgen.eu\/?p=253"]}]},{"@type":"BreadcrumbList","@id":"https:\/\/gemeinsam-fuer-morgen.eu\/?p=253#breadcrumb","itemListElement":[{"@type":"ListItem","position":1,"name":"Startseite","item":"https:\/\/gemeinsam-fuer-morgen.eu\/"},{"@type":"ListItem","position":2,"name":"Schneller \u00d6kostrom f\u00fcr\u2019s E-Auto"}]},{"@type":"WebSite","@id":"https:\/\/gemeinsam-fuer-morgen.eu\/#website","url":"https:\/\/gemeinsam-fuer-morgen.eu\/","name":"Gemeinsam f\u00fcr Morgen e.V.","description":"Nachhaltig in die Zukunft","publisher":{"@id":"https:\/\/gemeinsam-fuer-morgen.eu\/#organization"},"potentialAction":[{"@type":"SearchAction","target":{"@type":"EntryPoint","urlTemplate":"https:\/\/gemeinsam-fuer-morgen.eu\/?s={search_term_string}"},"query-input":{"@type":"PropertyValueSpecification","valueRequired":true,"valueName":"search_term_string"}}],"inLanguage":"de"},{"@type":"Organization","@id":"https:\/\/gemeinsam-fuer-morgen.eu\/#organization","name":"Gemeinsam f\u00fcr Morgen","url":"https:\/\/gemeinsam-fuer-morgen.eu\/","logo":{"@type":"ImageObject","inLanguage":"de","@id":"https:\/\/gemeinsam-fuer-morgen.eu\/#\/schema\/logo\/image\/","url":"https:\/\/gemeinsam-fuer-morgen.eu\/wp-content\/uploads\/2020\/11\/cropped-Logo_ohneKasten_GfM-20201009-1.png","contentUrl":"https:\/\/gemeinsam-fuer-morgen.eu\/wp-content\/uploads\/2020\/11\/cropped-Logo_ohneKasten_GfM-20201009-1.png","width":9999,"height":4991,"caption":"Gemeinsam f\u00fcr Morgen"},"image":{"@id":"https:\/\/gemeinsam-fuer-morgen.eu\/#\/schema\/logo\/image\/"}},{"@type":"Person","@id":"https:\/\/gemeinsam-fuer-morgen.eu\/#\/schema\/person\/5badc0becaa07b8289fa9969073283ad","name":"Illo Schoor","image":{"@type":"ImageObject","inLanguage":"de","@id":"https:\/\/secure.gravatar.com\/avatar\/09db2e60778f4848e3116476ffaad9ea34d71cbfd3ce78cc3cedfc8238430028?s=96&d=mm&r=g","url":"https:\/\/secure.gravatar.com\/avatar\/09db2e60778f4848e3116476ffaad9ea34d71cbfd3ce78cc3cedfc8238430028?s=96&d=mm&r=g","contentUrl":"https:\/\/secure.gravatar.com\/avatar\/09db2e60778f4848e3116476ffaad9ea34d71cbfd3ce78cc3cedfc8238430028?s=96&d=mm&r=g","caption":"Illo Schoor"},"url":"https:\/\/gemeinsam-fuer-morgen.eu\/?author=2"}]}},"_links":{"self":[{"href":"https:\/\/gemeinsam-fuer-morgen.eu\/index.php?rest_route=\/wp\/v2\/posts\/253","targetHints":{"allow":["GET"]}}],"collection":[{"href":"https:\/\/gemeinsam-fuer-morgen.eu\/index.php?rest_route=\/wp\/v2\/posts"}],"about":[{"href":"https:\/\/gemeinsam-fuer-morgen.eu\/index.php?rest_route=\/wp\/v2\/types\/post"}],"author":[{"embeddable":true,"href":"https:\/\/gemeinsam-fuer-morgen.eu\/index.php?rest_route=\/wp\/v2\/users\/2"}],"replies":[{"embeddable":true,"href":"https:\/\/gemeinsam-fuer-morgen.eu\/index.php?rest_route=%2Fwp%2Fv2%2Fcomments&post=253"}],"version-history":[{"count":1,"href":"https:\/\/gemeinsam-fuer-morgen.eu\/index.php?rest_route=\/wp\/v2\/posts\/253\/revisions"}],"predecessor-version":[{"id":254,"href":"https:\/\/gemeinsam-fuer-morgen.eu\/index.php?rest_route=\/wp\/v2\/posts\/253\/revisions\/254"}],"wp:attachment":[{"href":"https:\/\/gemeinsam-fuer-morgen.eu\/index.php?rest_route=%2Fwp%2Fv2%2Fmedia&parent=253"}],"wp:term":[{"taxonomy":"category","embeddable":true,"href":"https:\/\/gemeinsam-fuer-morgen.eu\/index.php?rest_route=%2Fwp%2Fv2%2Fcategories&post=253"},{"taxonomy":"post_tag","embeddable":true,"href":"https:\/\/gemeinsam-fuer-morgen.eu\/index.php?rest_route=%2Fwp%2Fv2%2Ftags&post=253"}],"curies":[{"name":"wp","href":"https:\/\/api.w.org\/{rel}","templated":true}]}}