{"id":336,"date":"2021-03-03T10:49:29","date_gmt":"2021-03-03T09:49:29","guid":{"rendered":"https:\/\/gemeinsam-fuer-morgen.eu\/?p=336"},"modified":"2021-03-09T12:18:49","modified_gmt":"2021-03-09T11:18:49","slug":"wie-mein-essen-das-klima-beeinflusst","status":"publish","type":"post","link":"https:\/\/gemeinsam-fuer-morgen.eu\/?p=336","title":{"rendered":"&#8222;Wie mein Essen das Klima beeinflu\u00dft&#8220;"},"content":{"rendered":"\n<p class=\"has-medium-font-size\"><strong>Veranstaltungshinweise der Akademie L\u00e4ndlicher Raum Baden-W\u00fcrttemberg&nbsp;<\/strong><\/p>\n\n\n\n<p>Wer sich f\u00fcr Zusammenh\u00e4nge zwischen Essen und Klima interessiert, und welchen Einflu\u00df unser Verbraucherverhalten hat, der kann sich bei den Online-Veranstaltungen des ALR BaW\u00fc anmelden. Anmeldeschluss ist jeweils ca. eine Woche vor dem Seminartermin. <\/p>\n\n\n\n<p>Die drei Veranstaltungen haben unterschiedliche Schwerpunkte und dauern von 19:00 &#8211; 20:30.<\/p>\n\n\n\n<p>Die Anmeldung l\u00e4uft online \u00fcber die folgenden Links:<\/p>\n\n\n\n<p>21. April 2021: <a href=\"https:\/\/alr-bw.de\/pb\/,Lde\/Startseite\/Veranstaltungen\/210421_Essen_Klima_1\">Wie mein Essen das Klima <\/a><a rel=\"noreferrer noopener\" href=\"https:\/\/alr-bw.de\/pb\/,Lde\/Startseite\/Veranstaltungen\/210421_Essen_Klima_1\" target=\"_blank\">beeinflusst<\/a><a href=\"https:\/\/alr-bw.de\/pb\/,Lde\/Startseite\/Veranstaltungen\/210421_Essen_Klima_1\"> 1<\/a><\/p>\n\n\n\n<p>5. Mai 2021: <a href=\"https:\/\/alr-bw.de\/pb\/,Lde\/Startseite\/Veranstaltungen\/210505_Essen_Klima_2\">Wie mein Essen das Klima <\/a><a href=\"https:\/\/alr-bw.de\/pb\/,Lde\/Startseite\/Veranstaltungen\/210505_Essen_Klima_2\" target=\"_blank\" rel=\"noreferrer noopener\">beeinflusst<\/a><a href=\"https:\/\/alr-bw.de\/pb\/,Lde\/Startseite\/Veranstaltungen\/210505_Essen_Klima_2\"> 2<\/a><\/p>\n\n\n\n<p>19. Mai 2021: <a href=\"https:\/\/alr-bw.de\/pb\/,Lde\/Startseite\/Veranstaltungen\/210519_Essen_Klima_3\">Wie mein Essen <\/a><a href=\"https:\/\/alr-bw.de\/pb\/,Lde\/Startseite\/Veranstaltungen\/210519_Essen_Klima_3\" target=\"_blank\" rel=\"noreferrer noopener\">das<\/a><a href=\"https:\/\/alr-bw.de\/pb\/,Lde\/Startseite\/Veranstaltungen\/210519_Essen_Klima_3\"> Klima beeinflusst 3<\/a><\/p>\n\n\n\n<p>Mehr Informationen und eine gute \u00dcbersicht in diesem <a rel=\"noreferrer noopener\" href=\"https:\/\/alr-bw.de\/pb\/site\/pbs-bw-mlr\/get\/documents_E-77034387\/MLR.LEL\/PB5Documents\/alr\/05_Veranstaltungen_2021\/pdf_Flyer_Programme\/210421_flyer_essen_klima.pdf\" target=\"_blank\">Flyer<\/a>. <\/p>\n\n\n\n<p>Weitere Veranstaltungen sowie interessante Informationen findet ihr  au\u00dferdem auf der Website der ALR unter <a href=\"http:\/\/www.alr-bw.de\/\">www.alr-bw.de<\/a>.<\/p>\n","protected":false},"excerpt":{"rendered":"<p>Veranstaltungshinweise der Akademie L\u00e4ndlicher Raum Baden-W\u00fcrttemberg&nbsp; Wer sich f\u00fcr Zusammenh\u00e4nge zwischen Essen und Klima interessiert, und welchen Einflu\u00df unser Verbraucherverhalten hat, der kann sich bei den Online-Veranstaltungen des ALR BaW\u00fc anmelden. Anmeldeschluss ist jeweils ca. eine Woche vor dem Seminartermin. Die drei Veranstaltungen haben unterschiedliche Schwerpunkte und dauern von 19:00 &#8211; 20:30. Die Anmeldung l\u00e4uft &hellip; <a href=\"https:\/\/gemeinsam-fuer-morgen.eu\/?p=336\" class=\"more-link\"><span class=\"screen-reader-text\">&#8222;Wie mein Essen das Klima beeinflu\u00dft&#8220;<\/span> weiterlesen<\/a><\/p>\n","protected":false},"author":2,"featured_media":0,"comment_status":"open","ping_status":"open","sticky":false,"template":"","format":"standard","meta":{"footnotes":""},"categories":[1],"tags":[],"class_list":["post-336","post","type-post","status-publish","format-standard","hentry","category-uncategorized"],"yoast_head":"<!-- This site is optimized with the Yoast SEO plugin v27.5 - https:\/\/yoast.com\/product\/yoast-seo-wordpress\/ -->\n<title>&quot;Wie mein Essen das Klima beeinflu\u00dft&quot; - Gemeinsam f\u00fcr Morgen e.V.<\/title>\n<meta name=\"robots\" content=\"index, follow, max-snippet:-1, max-image-preview:large, max-video-preview:-1\" \/>\n<link rel=\"canonical\" href=\"https:\/\/gemeinsam-fuer-morgen.eu\/?p=336\" \/>\n<meta property=\"og:locale\" content=\"de_DE\" \/>\n<meta property=\"og:type\" content=\"article\" \/>\n<meta property=\"og:title\" content=\"&quot;Wie mein Essen das Klima beeinflu\u00dft&quot; - Gemeinsam f\u00fcr Morgen e.V.\" \/>\n<meta property=\"og:description\" content=\"Veranstaltungshinweise der Akademie L\u00e4ndlicher Raum Baden-W\u00fcrttemberg&nbsp; Wer sich f\u00fcr Zusammenh\u00e4nge zwischen Essen und Klima interessiert, und welchen Einflu\u00df unser Verbraucherverhalten hat, der kann sich bei den Online-Veranstaltungen des ALR BaW\u00fc anmelden. Anmeldeschluss ist jeweils ca. eine Woche vor dem Seminartermin. Die drei Veranstaltungen haben unterschiedliche Schwerpunkte und dauern von 19:00 &#8211; 20:30. Die Anmeldung l\u00e4uft &hellip; &#8222;Wie mein Essen das Klima beeinflu\u00dft&#8220; weiterlesen\" \/>\n<meta property=\"og:url\" content=\"https:\/\/gemeinsam-fuer-morgen.eu\/?p=336\" \/>\n<meta property=\"og:site_name\" content=\"Gemeinsam f\u00fcr Morgen e.V.\" \/>\n<meta property=\"article:published_time\" content=\"2021-03-03T09:49:29+00:00\" \/>\n<meta property=\"article:modified_time\" content=\"2021-03-09T11:18:49+00:00\" \/>\n<meta name=\"author\" content=\"Illo Schoor\" \/>\n<meta name=\"twitter:card\" content=\"summary_large_image\" \/>\n<meta name=\"twitter:label1\" content=\"Verfasst von\" \/>\n\t<meta name=\"twitter:data1\" content=\"Illo Schoor\" \/>\n\t<meta name=\"twitter:label2\" content=\"Gesch\u00e4tzte Lesezeit\" \/>\n\t<meta name=\"twitter:data2\" content=\"1\u00a0Minute\" \/>\n<script type=\"application\/ld+json\" class=\"yoast-schema-graph\">{\"@context\":\"https:\\\/\\\/schema.org\",\"@graph\":[{\"@type\":\"Article\",\"@id\":\"https:\\\/\\\/gemeinsam-fuer-morgen.eu\\\/?p=336#article\",\"isPartOf\":{\"@id\":\"https:\\\/\\\/gemeinsam-fuer-morgen.eu\\\/?p=336\"},\"author\":{\"name\":\"Illo Schoor\",\"@id\":\"https:\\\/\\\/gemeinsam-fuer-morgen.eu\\\/#\\\/schema\\\/person\\\/5badc0becaa07b8289fa9969073283ad\"},\"headline\":\"&#8222;Wie mein Essen das Klima beeinflu\u00dft&#8220;\",\"datePublished\":\"2021-03-03T09:49:29+00:00\",\"dateModified\":\"2021-03-09T11:18:49+00:00\",\"mainEntityOfPage\":{\"@id\":\"https:\\\/\\\/gemeinsam-fuer-morgen.eu\\\/?p=336\"},\"wordCount\":119,\"commentCount\":0,\"publisher\":{\"@id\":\"https:\\\/\\\/gemeinsam-fuer-morgen.eu\\\/#organization\"},\"articleSection\":[\"Uncategorized\"],\"inLanguage\":\"de\",\"potentialAction\":[{\"@type\":\"CommentAction\",\"name\":\"Comment\",\"target\":[\"https:\\\/\\\/gemeinsam-fuer-morgen.eu\\\/?p=336#respond\"]}]},{\"@type\":\"WebPage\",\"@id\":\"https:\\\/\\\/gemeinsam-fuer-morgen.eu\\\/?p=336\",\"url\":\"https:\\\/\\\/gemeinsam-fuer-morgen.eu\\\/?p=336\",\"name\":\"\\\"Wie mein Essen das Klima beeinflu\u00dft\\\" - Gemeinsam f\u00fcr Morgen e.V.\",\"isPartOf\":{\"@id\":\"https:\\\/\\\/gemeinsam-fuer-morgen.eu\\\/#website\"},\"datePublished\":\"2021-03-03T09:49:29+00:00\",\"dateModified\":\"2021-03-09T11:18:49+00:00\",\"breadcrumb\":{\"@id\":\"https:\\\/\\\/gemeinsam-fuer-morgen.eu\\\/?p=336#breadcrumb\"},\"inLanguage\":\"de\",\"potentialAction\":[{\"@type\":\"ReadAction\",\"target\":[\"https:\\\/\\\/gemeinsam-fuer-morgen.eu\\\/?p=336\"]}]},{\"@type\":\"BreadcrumbList\",\"@id\":\"https:\\\/\\\/gemeinsam-fuer-morgen.eu\\\/?p=336#breadcrumb\",\"itemListElement\":[{\"@type\":\"ListItem\",\"position\":1,\"name\":\"Startseite\",\"item\":\"https:\\\/\\\/gemeinsam-fuer-morgen.eu\\\/\"},{\"@type\":\"ListItem\",\"position\":2,\"name\":\"&#8220;Wie mein Essen das Klima beeinflu\u00dft&#8221;\"}]},{\"@type\":\"WebSite\",\"@id\":\"https:\\\/\\\/gemeinsam-fuer-morgen.eu\\\/#website\",\"url\":\"https:\\\/\\\/gemeinsam-fuer-morgen.eu\\\/\",\"name\":\"Gemeinsam f\u00fcr Morgen e.V.\",\"description\":\"Nachhaltig in die Zukunft\",\"publisher\":{\"@id\":\"https:\\\/\\\/gemeinsam-fuer-morgen.eu\\\/#organization\"},\"potentialAction\":[{\"@type\":\"SearchAction\",\"target\":{\"@type\":\"EntryPoint\",\"urlTemplate\":\"https:\\\/\\\/gemeinsam-fuer-morgen.eu\\\/?s={search_term_string}\"},\"query-input\":{\"@type\":\"PropertyValueSpecification\",\"valueRequired\":true,\"valueName\":\"search_term_string\"}}],\"inLanguage\":\"de\"},{\"@type\":\"Organization\",\"@id\":\"https:\\\/\\\/gemeinsam-fuer-morgen.eu\\\/#organization\",\"name\":\"Gemeinsam f\u00fcr Morgen\",\"url\":\"https:\\\/\\\/gemeinsam-fuer-morgen.eu\\\/\",\"logo\":{\"@type\":\"ImageObject\",\"inLanguage\":\"de\",\"@id\":\"https:\\\/\\\/gemeinsam-fuer-morgen.eu\\\/#\\\/schema\\\/logo\\\/image\\\/\",\"url\":\"https:\\\/\\\/gemeinsam-fuer-morgen.eu\\\/wp-content\\\/uploads\\\/2020\\\/11\\\/cropped-Logo_ohneKasten_GfM-20201009-1.png\",\"contentUrl\":\"https:\\\/\\\/gemeinsam-fuer-morgen.eu\\\/wp-content\\\/uploads\\\/2020\\\/11\\\/cropped-Logo_ohneKasten_GfM-20201009-1.png\",\"width\":9999,\"height\":4991,\"caption\":\"Gemeinsam f\u00fcr Morgen\"},\"image\":{\"@id\":\"https:\\\/\\\/gemeinsam-fuer-morgen.eu\\\/#\\\/schema\\\/logo\\\/image\\\/\"}},{\"@type\":\"Person\",\"@id\":\"https:\\\/\\\/gemeinsam-fuer-morgen.eu\\\/#\\\/schema\\\/person\\\/5badc0becaa07b8289fa9969073283ad\",\"name\":\"Illo Schoor\",\"image\":{\"@type\":\"ImageObject\",\"inLanguage\":\"de\",\"@id\":\"https:\\\/\\\/secure.gravatar.com\\\/avatar\\\/09db2e60778f4848e3116476ffaad9ea34d71cbfd3ce78cc3cedfc8238430028?s=96&d=mm&r=g\",\"url\":\"https:\\\/\\\/secure.gravatar.com\\\/avatar\\\/09db2e60778f4848e3116476ffaad9ea34d71cbfd3ce78cc3cedfc8238430028?s=96&d=mm&r=g\",\"contentUrl\":\"https:\\\/\\\/secure.gravatar.com\\\/avatar\\\/09db2e60778f4848e3116476ffaad9ea34d71cbfd3ce78cc3cedfc8238430028?s=96&d=mm&r=g\",\"caption\":\"Illo Schoor\"},\"url\":\"https:\\\/\\\/gemeinsam-fuer-morgen.eu\\\/?author=2\"}]}<\/script>\n<!-- \/ Yoast SEO plugin. -->","yoast_head_json":{"title":"\"Wie mein Essen das Klima beeinflu\u00dft\" - Gemeinsam f\u00fcr Morgen e.V.","robots":{"index":"index","follow":"follow","max-snippet":"max-snippet:-1","max-image-preview":"max-image-preview:large","max-video-preview":"max-video-preview:-1"},"canonical":"https:\/\/gemeinsam-fuer-morgen.eu\/?p=336","og_locale":"de_DE","og_type":"article","og_title":"\"Wie mein Essen das Klima beeinflu\u00dft\" - Gemeinsam f\u00fcr Morgen e.V.","og_description":"Veranstaltungshinweise der Akademie L\u00e4ndlicher Raum Baden-W\u00fcrttemberg&nbsp; Wer sich f\u00fcr Zusammenh\u00e4nge zwischen Essen und Klima interessiert, und welchen Einflu\u00df unser Verbraucherverhalten hat, der kann sich bei den Online-Veranstaltungen des ALR BaW\u00fc anmelden. Anmeldeschluss ist jeweils ca. eine Woche vor dem Seminartermin. Die drei Veranstaltungen haben unterschiedliche Schwerpunkte und dauern von 19:00 &#8211; 20:30. Die Anmeldung l\u00e4uft &hellip; &#8222;Wie mein Essen das Klima beeinflu\u00dft&#8220; weiterlesen","og_url":"https:\/\/gemeinsam-fuer-morgen.eu\/?p=336","og_site_name":"Gemeinsam f\u00fcr Morgen e.V.","article_published_time":"2021-03-03T09:49:29+00:00","article_modified_time":"2021-03-09T11:18:49+00:00","author":"Illo Schoor","twitter_card":"summary_large_image","twitter_misc":{"Verfasst von":"Illo Schoor","Gesch\u00e4tzte Lesezeit":"1\u00a0Minute"},"schema":{"@context":"https:\/\/schema.org","@graph":[{"@type":"Article","@id":"https:\/\/gemeinsam-fuer-morgen.eu\/?p=336#article","isPartOf":{"@id":"https:\/\/gemeinsam-fuer-morgen.eu\/?p=336"},"author":{"name":"Illo Schoor","@id":"https:\/\/gemeinsam-fuer-morgen.eu\/#\/schema\/person\/5badc0becaa07b8289fa9969073283ad"},"headline":"&#8222;Wie mein Essen das Klima beeinflu\u00dft&#8220;","datePublished":"2021-03-03T09:49:29+00:00","dateModified":"2021-03-09T11:18:49+00:00","mainEntityOfPage":{"@id":"https:\/\/gemeinsam-fuer-morgen.eu\/?p=336"},"wordCount":119,"commentCount":0,"publisher":{"@id":"https:\/\/gemeinsam-fuer-morgen.eu\/#organization"},"articleSection":["Uncategorized"],"inLanguage":"de","potentialAction":[{"@type":"CommentAction","name":"Comment","target":["https:\/\/gemeinsam-fuer-morgen.eu\/?p=336#respond"]}]},{"@type":"WebPage","@id":"https:\/\/gemeinsam-fuer-morgen.eu\/?p=336","url":"https:\/\/gemeinsam-fuer-morgen.eu\/?p=336","name":"\"Wie mein Essen das Klima beeinflu\u00dft\" - Gemeinsam f\u00fcr Morgen e.V.","isPartOf":{"@id":"https:\/\/gemeinsam-fuer-morgen.eu\/#website"},"datePublished":"2021-03-03T09:49:29+00:00","dateModified":"2021-03-09T11:18:49+00:00","breadcrumb":{"@id":"https:\/\/gemeinsam-fuer-morgen.eu\/?p=336#breadcrumb"},"inLanguage":"de","potentialAction":[{"@type":"ReadAction","target":["https:\/\/gemeinsam-fuer-morgen.eu\/?p=336"]}]},{"@type":"BreadcrumbList","@id":"https:\/\/gemeinsam-fuer-morgen.eu\/?p=336#breadcrumb","itemListElement":[{"@type":"ListItem","position":1,"name":"Startseite","item":"https:\/\/gemeinsam-fuer-morgen.eu\/"},{"@type":"ListItem","position":2,"name":"&#8220;Wie mein Essen das Klima beeinflu\u00dft&#8221;"}]},{"@type":"WebSite","@id":"https:\/\/gemeinsam-fuer-morgen.eu\/#website","url":"https:\/\/gemeinsam-fuer-morgen.eu\/","name":"Gemeinsam f\u00fcr Morgen e.V.","description":"Nachhaltig in die Zukunft","publisher":{"@id":"https:\/\/gemeinsam-fuer-morgen.eu\/#organization"},"potentialAction":[{"@type":"SearchAction","target":{"@type":"EntryPoint","urlTemplate":"https:\/\/gemeinsam-fuer-morgen.eu\/?s={search_term_string}"},"query-input":{"@type":"PropertyValueSpecification","valueRequired":true,"valueName":"search_term_string"}}],"inLanguage":"de"},{"@type":"Organization","@id":"https:\/\/gemeinsam-fuer-morgen.eu\/#organization","name":"Gemeinsam f\u00fcr Morgen","url":"https:\/\/gemeinsam-fuer-morgen.eu\/","logo":{"@type":"ImageObject","inLanguage":"de","@id":"https:\/\/gemeinsam-fuer-morgen.eu\/#\/schema\/logo\/image\/","url":"https:\/\/gemeinsam-fuer-morgen.eu\/wp-content\/uploads\/2020\/11\/cropped-Logo_ohneKasten_GfM-20201009-1.png","contentUrl":"https:\/\/gemeinsam-fuer-morgen.eu\/wp-content\/uploads\/2020\/11\/cropped-Logo_ohneKasten_GfM-20201009-1.png","width":9999,"height":4991,"caption":"Gemeinsam f\u00fcr Morgen"},"image":{"@id":"https:\/\/gemeinsam-fuer-morgen.eu\/#\/schema\/logo\/image\/"}},{"@type":"Person","@id":"https:\/\/gemeinsam-fuer-morgen.eu\/#\/schema\/person\/5badc0becaa07b8289fa9969073283ad","name":"Illo Schoor","image":{"@type":"ImageObject","inLanguage":"de","@id":"https:\/\/secure.gravatar.com\/avatar\/09db2e60778f4848e3116476ffaad9ea34d71cbfd3ce78cc3cedfc8238430028?s=96&d=mm&r=g","url":"https:\/\/secure.gravatar.com\/avatar\/09db2e60778f4848e3116476ffaad9ea34d71cbfd3ce78cc3cedfc8238430028?s=96&d=mm&r=g","contentUrl":"https:\/\/secure.gravatar.com\/avatar\/09db2e60778f4848e3116476ffaad9ea34d71cbfd3ce78cc3cedfc8238430028?s=96&d=mm&r=g","caption":"Illo Schoor"},"url":"https:\/\/gemeinsam-fuer-morgen.eu\/?author=2"}]}},"_links":{"self":[{"href":"https:\/\/gemeinsam-fuer-morgen.eu\/index.php?rest_route=\/wp\/v2\/posts\/336","targetHints":{"allow":["GET"]}}],"collection":[{"href":"https:\/\/gemeinsam-fuer-morgen.eu\/index.php?rest_route=\/wp\/v2\/posts"}],"about":[{"href":"https:\/\/gemeinsam-fuer-morgen.eu\/index.php?rest_route=\/wp\/v2\/types\/post"}],"author":[{"embeddable":true,"href":"https:\/\/gemeinsam-fuer-morgen.eu\/index.php?rest_route=\/wp\/v2\/users\/2"}],"replies":[{"embeddable":true,"href":"https:\/\/gemeinsam-fuer-morgen.eu\/index.php?rest_route=%2Fwp%2Fv2%2Fcomments&post=336"}],"version-history":[{"count":2,"href":"https:\/\/gemeinsam-fuer-morgen.eu\/index.php?rest_route=\/wp\/v2\/posts\/336\/revisions"}],"predecessor-version":[{"id":351,"href":"https:\/\/gemeinsam-fuer-morgen.eu\/index.php?rest_route=\/wp\/v2\/posts\/336\/revisions\/351"}],"wp:attachment":[{"href":"https:\/\/gemeinsam-fuer-morgen.eu\/index.php?rest_route=%2Fwp%2Fv2%2Fmedia&parent=336"}],"wp:term":[{"taxonomy":"category","embeddable":true,"href":"https:\/\/gemeinsam-fuer-morgen.eu\/index.php?rest_route=%2Fwp%2Fv2%2Fcategories&post=336"},{"taxonomy":"post_tag","embeddable":true,"href":"https:\/\/gemeinsam-fuer-morgen.eu\/index.php?rest_route=%2Fwp%2Fv2%2Ftags&post=336"}],"curies":[{"name":"wp","href":"https:\/\/api.w.org\/{rel}","templated":true}]}}