{"id":339,"date":"2021-03-08T21:19:47","date_gmt":"2021-03-08T20:19:47","guid":{"rendered":"https:\/\/gemeinsam-fuer-morgen.eu\/?p=339"},"modified":"2021-03-08T21:19:47","modified_gmt":"2021-03-08T20:19:47","slug":"plogging-wassn-das","status":"publish","type":"post","link":"https:\/\/gemeinsam-fuer-morgen.eu\/?p=339","title":{"rendered":"Plogging &#8211; wassn das?"},"content":{"rendered":"\n<p>Die Kombination aus Sport treiben und M\u00fcllsammeln. <\/p>\n\n\n\n<p>Der umweltfreundliche Sporttrend aus Schweden sollte auch in B\u00f6tzingen nicht fehlen. Was man dazu braucht sind neben den Sportklamotten lediglich ein M\u00fcllsack und ggf. ein Paar Handschuhe. Dann einfach Loslaufen und dabei M\u00fcll auflesen.<\/p>\n","protected":false},"excerpt":{"rendered":"<p>Die Kombination aus Sport treiben und M\u00fcllsammeln. Der umweltfreundliche Sporttrend aus Schweden sollte auch in B\u00f6tzingen nicht fehlen. Was man dazu braucht sind neben den Sportklamotten lediglich ein M\u00fcllsack und ggf. ein Paar Handschuhe. Dann einfach Loslaufen und dabei M\u00fcll auflesen.<\/p>\n","protected":false},"author":2,"featured_media":0,"comment_status":"open","ping_status":"open","sticky":false,"template":"","format":"standard","meta":{"footnotes":""},"categories":[34,7],"tags":[],"class_list":["post-339","post","type-post","status-publish","format-standard","hentry","category-sport","category-tipps"],"yoast_head":"<!-- This site is optimized with the Yoast SEO plugin v27.5 - https:\/\/yoast.com\/product\/yoast-seo-wordpress\/ -->\n<title>Plogging - wassn das? - Gemeinsam f\u00fcr Morgen e.V.<\/title>\n<meta name=\"robots\" content=\"index, follow, max-snippet:-1, max-image-preview:large, max-video-preview:-1\" \/>\n<link rel=\"canonical\" href=\"https:\/\/gemeinsam-fuer-morgen.eu\/?p=339\" \/>\n<meta property=\"og:locale\" content=\"de_DE\" \/>\n<meta property=\"og:type\" content=\"article\" \/>\n<meta property=\"og:title\" content=\"Plogging - wassn das? - Gemeinsam f\u00fcr Morgen e.V.\" \/>\n<meta property=\"og:description\" content=\"Die Kombination aus Sport treiben und M\u00fcllsammeln. Der umweltfreundliche Sporttrend aus Schweden sollte auch in B\u00f6tzingen nicht fehlen. Was man dazu braucht sind neben den Sportklamotten lediglich ein M\u00fcllsack und ggf. ein Paar Handschuhe. Dann einfach Loslaufen und dabei M\u00fcll auflesen.\" \/>\n<meta property=\"og:url\" content=\"https:\/\/gemeinsam-fuer-morgen.eu\/?p=339\" \/>\n<meta property=\"og:site_name\" content=\"Gemeinsam f\u00fcr Morgen e.V.\" \/>\n<meta property=\"article:published_time\" content=\"2021-03-08T20:19:47+00:00\" \/>\n<meta name=\"author\" content=\"Illo Schoor\" \/>\n<meta name=\"twitter:card\" content=\"summary_large_image\" \/>\n<meta name=\"twitter:label1\" content=\"Verfasst von\" \/>\n\t<meta name=\"twitter:data1\" content=\"Illo Schoor\" \/>\n<script type=\"application\/ld+json\" class=\"yoast-schema-graph\">{\"@context\":\"https:\\\/\\\/schema.org\",\"@graph\":[{\"@type\":\"Article\",\"@id\":\"https:\\\/\\\/gemeinsam-fuer-morgen.eu\\\/?p=339#article\",\"isPartOf\":{\"@id\":\"https:\\\/\\\/gemeinsam-fuer-morgen.eu\\\/?p=339\"},\"author\":{\"name\":\"Illo Schoor\",\"@id\":\"https:\\\/\\\/gemeinsam-fuer-morgen.eu\\\/#\\\/schema\\\/person\\\/5badc0becaa07b8289fa9969073283ad\"},\"headline\":\"Plogging &#8211; wassn das?\",\"datePublished\":\"2021-03-08T20:19:47+00:00\",\"mainEntityOfPage\":{\"@id\":\"https:\\\/\\\/gemeinsam-fuer-morgen.eu\\\/?p=339\"},\"wordCount\":49,\"commentCount\":0,\"publisher\":{\"@id\":\"https:\\\/\\\/gemeinsam-fuer-morgen.eu\\\/#organization\"},\"articleSection\":[\"Sport\",\"Tipps\"],\"inLanguage\":\"de\",\"potentialAction\":[{\"@type\":\"CommentAction\",\"name\":\"Comment\",\"target\":[\"https:\\\/\\\/gemeinsam-fuer-morgen.eu\\\/?p=339#respond\"]}]},{\"@type\":\"WebPage\",\"@id\":\"https:\\\/\\\/gemeinsam-fuer-morgen.eu\\\/?p=339\",\"url\":\"https:\\\/\\\/gemeinsam-fuer-morgen.eu\\\/?p=339\",\"name\":\"Plogging - wassn das? - Gemeinsam f\u00fcr Morgen e.V.\",\"isPartOf\":{\"@id\":\"https:\\\/\\\/gemeinsam-fuer-morgen.eu\\\/#website\"},\"datePublished\":\"2021-03-08T20:19:47+00:00\",\"breadcrumb\":{\"@id\":\"https:\\\/\\\/gemeinsam-fuer-morgen.eu\\\/?p=339#breadcrumb\"},\"inLanguage\":\"de\",\"potentialAction\":[{\"@type\":\"ReadAction\",\"target\":[\"https:\\\/\\\/gemeinsam-fuer-morgen.eu\\\/?p=339\"]}]},{\"@type\":\"BreadcrumbList\",\"@id\":\"https:\\\/\\\/gemeinsam-fuer-morgen.eu\\\/?p=339#breadcrumb\",\"itemListElement\":[{\"@type\":\"ListItem\",\"position\":1,\"name\":\"Startseite\",\"item\":\"https:\\\/\\\/gemeinsam-fuer-morgen.eu\\\/\"},{\"@type\":\"ListItem\",\"position\":2,\"name\":\"Plogging &#8211; wassn das?\"}]},{\"@type\":\"WebSite\",\"@id\":\"https:\\\/\\\/gemeinsam-fuer-morgen.eu\\\/#website\",\"url\":\"https:\\\/\\\/gemeinsam-fuer-morgen.eu\\\/\",\"name\":\"Gemeinsam f\u00fcr Morgen e.V.\",\"description\":\"Nachhaltig in die Zukunft\",\"publisher\":{\"@id\":\"https:\\\/\\\/gemeinsam-fuer-morgen.eu\\\/#organization\"},\"potentialAction\":[{\"@type\":\"SearchAction\",\"target\":{\"@type\":\"EntryPoint\",\"urlTemplate\":\"https:\\\/\\\/gemeinsam-fuer-morgen.eu\\\/?s={search_term_string}\"},\"query-input\":{\"@type\":\"PropertyValueSpecification\",\"valueRequired\":true,\"valueName\":\"search_term_string\"}}],\"inLanguage\":\"de\"},{\"@type\":\"Organization\",\"@id\":\"https:\\\/\\\/gemeinsam-fuer-morgen.eu\\\/#organization\",\"name\":\"Gemeinsam f\u00fcr Morgen\",\"url\":\"https:\\\/\\\/gemeinsam-fuer-morgen.eu\\\/\",\"logo\":{\"@type\":\"ImageObject\",\"inLanguage\":\"de\",\"@id\":\"https:\\\/\\\/gemeinsam-fuer-morgen.eu\\\/#\\\/schema\\\/logo\\\/image\\\/\",\"url\":\"https:\\\/\\\/gemeinsam-fuer-morgen.eu\\\/wp-content\\\/uploads\\\/2020\\\/11\\\/cropped-Logo_ohneKasten_GfM-20201009-1.png\",\"contentUrl\":\"https:\\\/\\\/gemeinsam-fuer-morgen.eu\\\/wp-content\\\/uploads\\\/2020\\\/11\\\/cropped-Logo_ohneKasten_GfM-20201009-1.png\",\"width\":9999,\"height\":4991,\"caption\":\"Gemeinsam f\u00fcr Morgen\"},\"image\":{\"@id\":\"https:\\\/\\\/gemeinsam-fuer-morgen.eu\\\/#\\\/schema\\\/logo\\\/image\\\/\"}},{\"@type\":\"Person\",\"@id\":\"https:\\\/\\\/gemeinsam-fuer-morgen.eu\\\/#\\\/schema\\\/person\\\/5badc0becaa07b8289fa9969073283ad\",\"name\":\"Illo Schoor\",\"image\":{\"@type\":\"ImageObject\",\"inLanguage\":\"de\",\"@id\":\"https:\\\/\\\/secure.gravatar.com\\\/avatar\\\/09db2e60778f4848e3116476ffaad9ea34d71cbfd3ce78cc3cedfc8238430028?s=96&d=mm&r=g\",\"url\":\"https:\\\/\\\/secure.gravatar.com\\\/avatar\\\/09db2e60778f4848e3116476ffaad9ea34d71cbfd3ce78cc3cedfc8238430028?s=96&d=mm&r=g\",\"contentUrl\":\"https:\\\/\\\/secure.gravatar.com\\\/avatar\\\/09db2e60778f4848e3116476ffaad9ea34d71cbfd3ce78cc3cedfc8238430028?s=96&d=mm&r=g\",\"caption\":\"Illo Schoor\"},\"url\":\"https:\\\/\\\/gemeinsam-fuer-morgen.eu\\\/?author=2\"}]}<\/script>\n<!-- \/ Yoast SEO plugin. -->","yoast_head_json":{"title":"Plogging - wassn das? - Gemeinsam f\u00fcr Morgen e.V.","robots":{"index":"index","follow":"follow","max-snippet":"max-snippet:-1","max-image-preview":"max-image-preview:large","max-video-preview":"max-video-preview:-1"},"canonical":"https:\/\/gemeinsam-fuer-morgen.eu\/?p=339","og_locale":"de_DE","og_type":"article","og_title":"Plogging - wassn das? - Gemeinsam f\u00fcr Morgen e.V.","og_description":"Die Kombination aus Sport treiben und M\u00fcllsammeln. Der umweltfreundliche Sporttrend aus Schweden sollte auch in B\u00f6tzingen nicht fehlen. Was man dazu braucht sind neben den Sportklamotten lediglich ein M\u00fcllsack und ggf. ein Paar Handschuhe. Dann einfach Loslaufen und dabei M\u00fcll auflesen.","og_url":"https:\/\/gemeinsam-fuer-morgen.eu\/?p=339","og_site_name":"Gemeinsam f\u00fcr Morgen e.V.","article_published_time":"2021-03-08T20:19:47+00:00","author":"Illo Schoor","twitter_card":"summary_large_image","twitter_misc":{"Verfasst von":"Illo Schoor"},"schema":{"@context":"https:\/\/schema.org","@graph":[{"@type":"Article","@id":"https:\/\/gemeinsam-fuer-morgen.eu\/?p=339#article","isPartOf":{"@id":"https:\/\/gemeinsam-fuer-morgen.eu\/?p=339"},"author":{"name":"Illo Schoor","@id":"https:\/\/gemeinsam-fuer-morgen.eu\/#\/schema\/person\/5badc0becaa07b8289fa9969073283ad"},"headline":"Plogging &#8211; wassn das?","datePublished":"2021-03-08T20:19:47+00:00","mainEntityOfPage":{"@id":"https:\/\/gemeinsam-fuer-morgen.eu\/?p=339"},"wordCount":49,"commentCount":0,"publisher":{"@id":"https:\/\/gemeinsam-fuer-morgen.eu\/#organization"},"articleSection":["Sport","Tipps"],"inLanguage":"de","potentialAction":[{"@type":"CommentAction","name":"Comment","target":["https:\/\/gemeinsam-fuer-morgen.eu\/?p=339#respond"]}]},{"@type":"WebPage","@id":"https:\/\/gemeinsam-fuer-morgen.eu\/?p=339","url":"https:\/\/gemeinsam-fuer-morgen.eu\/?p=339","name":"Plogging - wassn das? - Gemeinsam f\u00fcr Morgen e.V.","isPartOf":{"@id":"https:\/\/gemeinsam-fuer-morgen.eu\/#website"},"datePublished":"2021-03-08T20:19:47+00:00","breadcrumb":{"@id":"https:\/\/gemeinsam-fuer-morgen.eu\/?p=339#breadcrumb"},"inLanguage":"de","potentialAction":[{"@type":"ReadAction","target":["https:\/\/gemeinsam-fuer-morgen.eu\/?p=339"]}]},{"@type":"BreadcrumbList","@id":"https:\/\/gemeinsam-fuer-morgen.eu\/?p=339#breadcrumb","itemListElement":[{"@type":"ListItem","position":1,"name":"Startseite","item":"https:\/\/gemeinsam-fuer-morgen.eu\/"},{"@type":"ListItem","position":2,"name":"Plogging &#8211; wassn das?"}]},{"@type":"WebSite","@id":"https:\/\/gemeinsam-fuer-morgen.eu\/#website","url":"https:\/\/gemeinsam-fuer-morgen.eu\/","name":"Gemeinsam f\u00fcr Morgen e.V.","description":"Nachhaltig in die Zukunft","publisher":{"@id":"https:\/\/gemeinsam-fuer-morgen.eu\/#organization"},"potentialAction":[{"@type":"SearchAction","target":{"@type":"EntryPoint","urlTemplate":"https:\/\/gemeinsam-fuer-morgen.eu\/?s={search_term_string}"},"query-input":{"@type":"PropertyValueSpecification","valueRequired":true,"valueName":"search_term_string"}}],"inLanguage":"de"},{"@type":"Organization","@id":"https:\/\/gemeinsam-fuer-morgen.eu\/#organization","name":"Gemeinsam f\u00fcr Morgen","url":"https:\/\/gemeinsam-fuer-morgen.eu\/","logo":{"@type":"ImageObject","inLanguage":"de","@id":"https:\/\/gemeinsam-fuer-morgen.eu\/#\/schema\/logo\/image\/","url":"https:\/\/gemeinsam-fuer-morgen.eu\/wp-content\/uploads\/2020\/11\/cropped-Logo_ohneKasten_GfM-20201009-1.png","contentUrl":"https:\/\/gemeinsam-fuer-morgen.eu\/wp-content\/uploads\/2020\/11\/cropped-Logo_ohneKasten_GfM-20201009-1.png","width":9999,"height":4991,"caption":"Gemeinsam f\u00fcr Morgen"},"image":{"@id":"https:\/\/gemeinsam-fuer-morgen.eu\/#\/schema\/logo\/image\/"}},{"@type":"Person","@id":"https:\/\/gemeinsam-fuer-morgen.eu\/#\/schema\/person\/5badc0becaa07b8289fa9969073283ad","name":"Illo Schoor","image":{"@type":"ImageObject","inLanguage":"de","@id":"https:\/\/secure.gravatar.com\/avatar\/09db2e60778f4848e3116476ffaad9ea34d71cbfd3ce78cc3cedfc8238430028?s=96&d=mm&r=g","url":"https:\/\/secure.gravatar.com\/avatar\/09db2e60778f4848e3116476ffaad9ea34d71cbfd3ce78cc3cedfc8238430028?s=96&d=mm&r=g","contentUrl":"https:\/\/secure.gravatar.com\/avatar\/09db2e60778f4848e3116476ffaad9ea34d71cbfd3ce78cc3cedfc8238430028?s=96&d=mm&r=g","caption":"Illo Schoor"},"url":"https:\/\/gemeinsam-fuer-morgen.eu\/?author=2"}]}},"_links":{"self":[{"href":"https:\/\/gemeinsam-fuer-morgen.eu\/index.php?rest_route=\/wp\/v2\/posts\/339","targetHints":{"allow":["GET"]}}],"collection":[{"href":"https:\/\/gemeinsam-fuer-morgen.eu\/index.php?rest_route=\/wp\/v2\/posts"}],"about":[{"href":"https:\/\/gemeinsam-fuer-morgen.eu\/index.php?rest_route=\/wp\/v2\/types\/post"}],"author":[{"embeddable":true,"href":"https:\/\/gemeinsam-fuer-morgen.eu\/index.php?rest_route=\/wp\/v2\/users\/2"}],"replies":[{"embeddable":true,"href":"https:\/\/gemeinsam-fuer-morgen.eu\/index.php?rest_route=%2Fwp%2Fv2%2Fcomments&post=339"}],"version-history":[{"count":1,"href":"https:\/\/gemeinsam-fuer-morgen.eu\/index.php?rest_route=\/wp\/v2\/posts\/339\/revisions"}],"predecessor-version":[{"id":340,"href":"https:\/\/gemeinsam-fuer-morgen.eu\/index.php?rest_route=\/wp\/v2\/posts\/339\/revisions\/340"}],"wp:attachment":[{"href":"https:\/\/gemeinsam-fuer-morgen.eu\/index.php?rest_route=%2Fwp%2Fv2%2Fmedia&parent=339"}],"wp:term":[{"taxonomy":"category","embeddable":true,"href":"https:\/\/gemeinsam-fuer-morgen.eu\/index.php?rest_route=%2Fwp%2Fv2%2Fcategories&post=339"},{"taxonomy":"post_tag","embeddable":true,"href":"https:\/\/gemeinsam-fuer-morgen.eu\/index.php?rest_route=%2Fwp%2Fv2%2Ftags&post=339"}],"curies":[{"name":"wp","href":"https:\/\/api.w.org\/{rel}","templated":true}]}}