{"id":493,"date":"2021-04-29T23:58:00","date_gmt":"2021-04-29T22:58:00","guid":{"rendered":"https:\/\/gemeinsam-fuer-morgen.eu\/?p=493"},"modified":"2021-07-19T21:13:19","modified_gmt":"2021-07-19T20:13:19","slug":"stadtradeln-radeln-fuer-ein-gutes-klima","status":"publish","type":"post","link":"https:\/\/gemeinsam-fuer-morgen.eu\/?p=493","title":{"rendered":"STADTRADELN \u2013 Radeln f\u00fcr ein gutes Klima"},"content":{"rendered":"\n<figure class=\"wp-block-image size-large\"><img loading=\"lazy\" decoding=\"async\" width=\"800\" height=\"384\" src=\"https:\/\/gemeinsam-fuer-morgen.eu\/wp-content\/uploads\/2021\/06\/Gruppenbild-Auftaktradeln-im-Regen-1.jpg\" alt=\"\" class=\"wp-image-714\" srcset=\"https:\/\/gemeinsam-fuer-morgen.eu\/wp-content\/uploads\/2021\/06\/Gruppenbild-Auftaktradeln-im-Regen-1.jpg 800w, https:\/\/gemeinsam-fuer-morgen.eu\/wp-content\/uploads\/2021\/06\/Gruppenbild-Auftaktradeln-im-Regen-1-300x144.jpg 300w, https:\/\/gemeinsam-fuer-morgen.eu\/wp-content\/uploads\/2021\/06\/Gruppenbild-Auftaktradeln-im-Regen-1-768x369.jpg 768w\" sizes=\"auto, (max-width: 800px) 100vw, 800px\" \/><\/figure>\n\n\n\n<p class=\"has-text-color has-medium-font-size\" style=\"color:#001ca3\"><strong>Was f\u00fcr ein Start! Team GfM gibt auch bei Regen alles f\u00fcr ein gutes Klima!<\/strong><\/p>\n\n\n\n<p><strong>Heute, am 28.6.21 ging es los &#8211; Ihr k\u00f6nnt euch immer noch anmelden!<\/strong><\/p>\n\n\n\n<p><strong>Jeder Kilometer z\u00e4hlt!<\/strong><br>Ziel ist es, bei dem dreiw\u00f6chigen Wettbewerb mit m\u00f6glichst vielen Teilnehmern m\u00f6glichst viele Kilometer \u201eper velo\u201c zur\u00fcckzulegen. Die Aktion findet im Wettbewerb der teilnehmenden Gemeinden statt. Egal ob Du schon passionierter Radler bist oder mehr das Auto nutzt. Hauptsache dabei sein, CO\u00b2 einsparen \u2013 denn jeder Kilometer z\u00e4hlt! Unsere Gemeinde \u00fcbernimmt als Kooperationspartner die Startgeb\u00fchr!<\/p>\n\n\n\n<p><strong>Zeitraum: 28.6.-18.7.2021<\/strong><\/p>\n\n\n\n<p>Ansprechpartner: <a href=\"jochen.staiger@gemeinsam-fuer-morgen.eu\" target=\"_blank\" rel=\"noreferrer noopener nofollow\">Jochen Staiger<\/a><\/p>\n\n\n\n<p>Weitere Infos zu STADTRADELN hier &#8222;<a href=\"https:\/\/www.stadtradeln.de\/home\" target=\"_blank\" rel=\"noreferrer noopener\">klick<\/a>&#8222;<\/p>\n\n\n\n<p>Die B\u00f6tzinger Seite mit unseren Ergebnissen w\u00e4hrend der Aktion findet sich hier: &#8222;<a href=\"https:\/\/www.stadtradeln.de\/boetzingen\" target=\"_blank\" rel=\"noreferrer noopener nofollow\">klick<\/a>&#8222;<\/p>\n\n\n<p><iframe loading=\"lazy\" src=\"https:\/\/www.stadtradeln.de\/boetzingen\" allow=\"fullscreen\" width=\"900\" height=\"500\"><\/iframe><\/p>","protected":false},"excerpt":{"rendered":"<p>Was f\u00fcr ein Start! Team GfM gibt auch bei Regen alles f\u00fcr ein gutes Klima! Heute, am 28.6.21 ging es los &#8211; Ihr k\u00f6nnt euch immer noch anmelden! Jeder Kilometer z\u00e4hlt!Ziel ist es, bei dem dreiw\u00f6chigen Wettbewerb mit m\u00f6glichst vielen Teilnehmern m\u00f6glichst viele Kilometer \u201eper velo\u201c zur\u00fcckzulegen. Die Aktion findet im Wettbewerb der teilnehmenden Gemeinden &hellip; <a href=\"https:\/\/gemeinsam-fuer-morgen.eu\/?p=493\" class=\"more-link\"><span class=\"screen-reader-text\">STADTRADELN \u2013 Radeln f\u00fcr ein gutes Klima<\/span> weiterlesen<\/a><\/p>\n","protected":false},"author":1,"featured_media":0,"comment_status":"open","ping_status":"open","sticky":false,"template":"","format":"standard","meta":{"footnotes":""},"categories":[48],"tags":[],"class_list":["post-493","post","type-post","status-publish","format-standard","hentry","category-stadtradeln"],"yoast_head":"<!-- This site is optimized with the Yoast SEO plugin v27.5 - https:\/\/yoast.com\/product\/yoast-seo-wordpress\/ -->\n<title>STADTRADELN \u2013 Radeln f\u00fcr ein gutes Klima - Gemeinsam f\u00fcr Morgen e.V.<\/title>\n<meta name=\"robots\" content=\"index, follow, max-snippet:-1, max-image-preview:large, max-video-preview:-1\" \/>\n<link rel=\"canonical\" href=\"https:\/\/gemeinsam-fuer-morgen.eu\/?p=493\" \/>\n<meta property=\"og:locale\" content=\"de_DE\" \/>\n<meta property=\"og:type\" content=\"article\" \/>\n<meta property=\"og:title\" content=\"STADTRADELN \u2013 Radeln f\u00fcr ein gutes Klima - Gemeinsam f\u00fcr Morgen e.V.\" \/>\n<meta property=\"og:description\" content=\"Was f\u00fcr ein Start! Team GfM gibt auch bei Regen alles f\u00fcr ein gutes Klima! Heute, am 28.6.21 ging es los &#8211; Ihr k\u00f6nnt euch immer noch anmelden! Jeder Kilometer z\u00e4hlt!Ziel ist es, bei dem dreiw\u00f6chigen Wettbewerb mit m\u00f6glichst vielen Teilnehmern m\u00f6glichst viele Kilometer \u201eper velo\u201c zur\u00fcckzulegen. Die Aktion findet im Wettbewerb der teilnehmenden Gemeinden &hellip; STADTRADELN \u2013 Radeln f\u00fcr ein gutes Klima weiterlesen\" \/>\n<meta property=\"og:url\" content=\"https:\/\/gemeinsam-fuer-morgen.eu\/?p=493\" \/>\n<meta property=\"og:site_name\" content=\"Gemeinsam f\u00fcr Morgen e.V.\" \/>\n<meta property=\"article:published_time\" content=\"2021-04-29T22:58:00+00:00\" \/>\n<meta property=\"article:modified_time\" content=\"2021-07-19T20:13:19+00:00\" \/>\n<meta property=\"og:image\" content=\"https:\/\/gemeinsam-fuer-morgen.eu\/wp-content\/uploads\/2021\/06\/Gruppenbild-Auftaktradeln-im-Regen-1.jpg\" \/>\n<meta name=\"author\" content=\"R\" \/>\n<meta name=\"twitter:card\" content=\"summary_large_image\" \/>\n<meta name=\"twitter:label1\" content=\"Verfasst von\" \/>\n\t<meta name=\"twitter:data1\" content=\"R\" \/>\n\t<meta name=\"twitter:label2\" content=\"Gesch\u00e4tzte Lesezeit\" \/>\n\t<meta name=\"twitter:data2\" content=\"1\u00a0Minute\" \/>\n<script type=\"application\/ld+json\" class=\"yoast-schema-graph\">{\"@context\":\"https:\\\/\\\/schema.org\",\"@graph\":[{\"@type\":\"Article\",\"@id\":\"https:\\\/\\\/gemeinsam-fuer-morgen.eu\\\/?p=493#article\",\"isPartOf\":{\"@id\":\"https:\\\/\\\/gemeinsam-fuer-morgen.eu\\\/?p=493\"},\"author\":{\"name\":\"R\",\"@id\":\"https:\\\/\\\/gemeinsam-fuer-morgen.eu\\\/#\\\/schema\\\/person\\\/8f7d85d4d3406e06ca43164c115099ef\"},\"headline\":\"STADTRADELN \u2013 Radeln f\u00fcr ein gutes Klima\",\"datePublished\":\"2021-04-29T22:58:00+00:00\",\"dateModified\":\"2021-07-19T20:13:19+00:00\",\"mainEntityOfPage\":{\"@id\":\"https:\\\/\\\/gemeinsam-fuer-morgen.eu\\\/?p=493\"},\"wordCount\":127,\"commentCount\":0,\"publisher\":{\"@id\":\"https:\\\/\\\/gemeinsam-fuer-morgen.eu\\\/#organization\"},\"image\":{\"@id\":\"https:\\\/\\\/gemeinsam-fuer-morgen.eu\\\/?p=493#primaryimage\"},\"thumbnailUrl\":\"https:\\\/\\\/gemeinsam-fuer-morgen.eu\\\/wp-content\\\/uploads\\\/2021\\\/06\\\/Gruppenbild-Auftaktradeln-im-Regen-1.jpg\",\"articleSection\":[\"STADTRADELN\"],\"inLanguage\":\"de\",\"potentialAction\":[{\"@type\":\"CommentAction\",\"name\":\"Comment\",\"target\":[\"https:\\\/\\\/gemeinsam-fuer-morgen.eu\\\/?p=493#respond\"]}]},{\"@type\":\"WebPage\",\"@id\":\"https:\\\/\\\/gemeinsam-fuer-morgen.eu\\\/?p=493\",\"url\":\"https:\\\/\\\/gemeinsam-fuer-morgen.eu\\\/?p=493\",\"name\":\"STADTRADELN \u2013 Radeln f\u00fcr ein gutes Klima - Gemeinsam f\u00fcr Morgen e.V.\",\"isPartOf\":{\"@id\":\"https:\\\/\\\/gemeinsam-fuer-morgen.eu\\\/#website\"},\"primaryImageOfPage\":{\"@id\":\"https:\\\/\\\/gemeinsam-fuer-morgen.eu\\\/?p=493#primaryimage\"},\"image\":{\"@id\":\"https:\\\/\\\/gemeinsam-fuer-morgen.eu\\\/?p=493#primaryimage\"},\"thumbnailUrl\":\"https:\\\/\\\/gemeinsam-fuer-morgen.eu\\\/wp-content\\\/uploads\\\/2021\\\/06\\\/Gruppenbild-Auftaktradeln-im-Regen-1.jpg\",\"datePublished\":\"2021-04-29T22:58:00+00:00\",\"dateModified\":\"2021-07-19T20:13:19+00:00\",\"breadcrumb\":{\"@id\":\"https:\\\/\\\/gemeinsam-fuer-morgen.eu\\\/?p=493#breadcrumb\"},\"inLanguage\":\"de\",\"potentialAction\":[{\"@type\":\"ReadAction\",\"target\":[\"https:\\\/\\\/gemeinsam-fuer-morgen.eu\\\/?p=493\"]}]},{\"@type\":\"ImageObject\",\"inLanguage\":\"de\",\"@id\":\"https:\\\/\\\/gemeinsam-fuer-morgen.eu\\\/?p=493#primaryimage\",\"url\":\"https:\\\/\\\/gemeinsam-fuer-morgen.eu\\\/wp-content\\\/uploads\\\/2021\\\/06\\\/Gruppenbild-Auftaktradeln-im-Regen-1.jpg\",\"contentUrl\":\"https:\\\/\\\/gemeinsam-fuer-morgen.eu\\\/wp-content\\\/uploads\\\/2021\\\/06\\\/Gruppenbild-Auftaktradeln-im-Regen-1.jpg\",\"width\":800,\"height\":384},{\"@type\":\"BreadcrumbList\",\"@id\":\"https:\\\/\\\/gemeinsam-fuer-morgen.eu\\\/?p=493#breadcrumb\",\"itemListElement\":[{\"@type\":\"ListItem\",\"position\":1,\"name\":\"Startseite\",\"item\":\"https:\\\/\\\/gemeinsam-fuer-morgen.eu\\\/\"},{\"@type\":\"ListItem\",\"position\":2,\"name\":\"STADTRADELN \u2013 Radeln f\u00fcr ein gutes Klima\"}]},{\"@type\":\"WebSite\",\"@id\":\"https:\\\/\\\/gemeinsam-fuer-morgen.eu\\\/#website\",\"url\":\"https:\\\/\\\/gemeinsam-fuer-morgen.eu\\\/\",\"name\":\"Gemeinsam f\u00fcr Morgen e.V.\",\"description\":\"Nachhaltig in die Zukunft\",\"publisher\":{\"@id\":\"https:\\\/\\\/gemeinsam-fuer-morgen.eu\\\/#organization\"},\"potentialAction\":[{\"@type\":\"SearchAction\",\"target\":{\"@type\":\"EntryPoint\",\"urlTemplate\":\"https:\\\/\\\/gemeinsam-fuer-morgen.eu\\\/?s={search_term_string}\"},\"query-input\":{\"@type\":\"PropertyValueSpecification\",\"valueRequired\":true,\"valueName\":\"search_term_string\"}}],\"inLanguage\":\"de\"},{\"@type\":\"Organization\",\"@id\":\"https:\\\/\\\/gemeinsam-fuer-morgen.eu\\\/#organization\",\"name\":\"Gemeinsam f\u00fcr Morgen\",\"url\":\"https:\\\/\\\/gemeinsam-fuer-morgen.eu\\\/\",\"logo\":{\"@type\":\"ImageObject\",\"inLanguage\":\"de\",\"@id\":\"https:\\\/\\\/gemeinsam-fuer-morgen.eu\\\/#\\\/schema\\\/logo\\\/image\\\/\",\"url\":\"https:\\\/\\\/gemeinsam-fuer-morgen.eu\\\/wp-content\\\/uploads\\\/2020\\\/11\\\/cropped-Logo_ohneKasten_GfM-20201009-1.png\",\"contentUrl\":\"https:\\\/\\\/gemeinsam-fuer-morgen.eu\\\/wp-content\\\/uploads\\\/2020\\\/11\\\/cropped-Logo_ohneKasten_GfM-20201009-1.png\",\"width\":9999,\"height\":4991,\"caption\":\"Gemeinsam f\u00fcr Morgen\"},\"image\":{\"@id\":\"https:\\\/\\\/gemeinsam-fuer-morgen.eu\\\/#\\\/schema\\\/logo\\\/image\\\/\"}},{\"@type\":\"Person\",\"@id\":\"https:\\\/\\\/gemeinsam-fuer-morgen.eu\\\/#\\\/schema\\\/person\\\/8f7d85d4d3406e06ca43164c115099ef\",\"name\":\"R\",\"image\":{\"@type\":\"ImageObject\",\"inLanguage\":\"de\",\"@id\":\"https:\\\/\\\/secure.gravatar.com\\\/avatar\\\/97625508e9007885cf98f8c34b1108dbff733345040539555b8a029f6d5b7e77?s=96&d=mm&r=g\",\"url\":\"https:\\\/\\\/secure.gravatar.com\\\/avatar\\\/97625508e9007885cf98f8c34b1108dbff733345040539555b8a029f6d5b7e77?s=96&d=mm&r=g\",\"contentUrl\":\"https:\\\/\\\/secure.gravatar.com\\\/avatar\\\/97625508e9007885cf98f8c34b1108dbff733345040539555b8a029f6d5b7e77?s=96&d=mm&r=g\",\"caption\":\"R\"},\"url\":\"https:\\\/\\\/gemeinsam-fuer-morgen.eu\\\/?author=1\"}]}<\/script>\n<!-- \/ Yoast SEO plugin. -->","yoast_head_json":{"title":"STADTRADELN \u2013 Radeln f\u00fcr ein gutes Klima - Gemeinsam f\u00fcr Morgen e.V.","robots":{"index":"index","follow":"follow","max-snippet":"max-snippet:-1","max-image-preview":"max-image-preview:large","max-video-preview":"max-video-preview:-1"},"canonical":"https:\/\/gemeinsam-fuer-morgen.eu\/?p=493","og_locale":"de_DE","og_type":"article","og_title":"STADTRADELN \u2013 Radeln f\u00fcr ein gutes Klima - Gemeinsam f\u00fcr Morgen e.V.","og_description":"Was f\u00fcr ein Start! Team GfM gibt auch bei Regen alles f\u00fcr ein gutes Klima! Heute, am 28.6.21 ging es los &#8211; Ihr k\u00f6nnt euch immer noch anmelden! Jeder Kilometer z\u00e4hlt!Ziel ist es, bei dem dreiw\u00f6chigen Wettbewerb mit m\u00f6glichst vielen Teilnehmern m\u00f6glichst viele Kilometer \u201eper velo\u201c zur\u00fcckzulegen. Die Aktion findet im Wettbewerb der teilnehmenden Gemeinden &hellip; STADTRADELN \u2013 Radeln f\u00fcr ein gutes Klima weiterlesen","og_url":"https:\/\/gemeinsam-fuer-morgen.eu\/?p=493","og_site_name":"Gemeinsam f\u00fcr Morgen e.V.","article_published_time":"2021-04-29T22:58:00+00:00","article_modified_time":"2021-07-19T20:13:19+00:00","og_image":[{"url":"https:\/\/gemeinsam-fuer-morgen.eu\/wp-content\/uploads\/2021\/06\/Gruppenbild-Auftaktradeln-im-Regen-1.jpg","type":"","width":"","height":""}],"author":"R","twitter_card":"summary_large_image","twitter_misc":{"Verfasst von":"R","Gesch\u00e4tzte Lesezeit":"1\u00a0Minute"},"schema":{"@context":"https:\/\/schema.org","@graph":[{"@type":"Article","@id":"https:\/\/gemeinsam-fuer-morgen.eu\/?p=493#article","isPartOf":{"@id":"https:\/\/gemeinsam-fuer-morgen.eu\/?p=493"},"author":{"name":"R","@id":"https:\/\/gemeinsam-fuer-morgen.eu\/#\/schema\/person\/8f7d85d4d3406e06ca43164c115099ef"},"headline":"STADTRADELN \u2013 Radeln f\u00fcr ein gutes Klima","datePublished":"2021-04-29T22:58:00+00:00","dateModified":"2021-07-19T20:13:19+00:00","mainEntityOfPage":{"@id":"https:\/\/gemeinsam-fuer-morgen.eu\/?p=493"},"wordCount":127,"commentCount":0,"publisher":{"@id":"https:\/\/gemeinsam-fuer-morgen.eu\/#organization"},"image":{"@id":"https:\/\/gemeinsam-fuer-morgen.eu\/?p=493#primaryimage"},"thumbnailUrl":"https:\/\/gemeinsam-fuer-morgen.eu\/wp-content\/uploads\/2021\/06\/Gruppenbild-Auftaktradeln-im-Regen-1.jpg","articleSection":["STADTRADELN"],"inLanguage":"de","potentialAction":[{"@type":"CommentAction","name":"Comment","target":["https:\/\/gemeinsam-fuer-morgen.eu\/?p=493#respond"]}]},{"@type":"WebPage","@id":"https:\/\/gemeinsam-fuer-morgen.eu\/?p=493","url":"https:\/\/gemeinsam-fuer-morgen.eu\/?p=493","name":"STADTRADELN \u2013 Radeln f\u00fcr ein gutes Klima - Gemeinsam f\u00fcr Morgen e.V.","isPartOf":{"@id":"https:\/\/gemeinsam-fuer-morgen.eu\/#website"},"primaryImageOfPage":{"@id":"https:\/\/gemeinsam-fuer-morgen.eu\/?p=493#primaryimage"},"image":{"@id":"https:\/\/gemeinsam-fuer-morgen.eu\/?p=493#primaryimage"},"thumbnailUrl":"https:\/\/gemeinsam-fuer-morgen.eu\/wp-content\/uploads\/2021\/06\/Gruppenbild-Auftaktradeln-im-Regen-1.jpg","datePublished":"2021-04-29T22:58:00+00:00","dateModified":"2021-07-19T20:13:19+00:00","breadcrumb":{"@id":"https:\/\/gemeinsam-fuer-morgen.eu\/?p=493#breadcrumb"},"inLanguage":"de","potentialAction":[{"@type":"ReadAction","target":["https:\/\/gemeinsam-fuer-morgen.eu\/?p=493"]}]},{"@type":"ImageObject","inLanguage":"de","@id":"https:\/\/gemeinsam-fuer-morgen.eu\/?p=493#primaryimage","url":"https:\/\/gemeinsam-fuer-morgen.eu\/wp-content\/uploads\/2021\/06\/Gruppenbild-Auftaktradeln-im-Regen-1.jpg","contentUrl":"https:\/\/gemeinsam-fuer-morgen.eu\/wp-content\/uploads\/2021\/06\/Gruppenbild-Auftaktradeln-im-Regen-1.jpg","width":800,"height":384},{"@type":"BreadcrumbList","@id":"https:\/\/gemeinsam-fuer-morgen.eu\/?p=493#breadcrumb","itemListElement":[{"@type":"ListItem","position":1,"name":"Startseite","item":"https:\/\/gemeinsam-fuer-morgen.eu\/"},{"@type":"ListItem","position":2,"name":"STADTRADELN \u2013 Radeln f\u00fcr ein gutes Klima"}]},{"@type":"WebSite","@id":"https:\/\/gemeinsam-fuer-morgen.eu\/#website","url":"https:\/\/gemeinsam-fuer-morgen.eu\/","name":"Gemeinsam f\u00fcr Morgen e.V.","description":"Nachhaltig in die Zukunft","publisher":{"@id":"https:\/\/gemeinsam-fuer-morgen.eu\/#organization"},"potentialAction":[{"@type":"SearchAction","target":{"@type":"EntryPoint","urlTemplate":"https:\/\/gemeinsam-fuer-morgen.eu\/?s={search_term_string}"},"query-input":{"@type":"PropertyValueSpecification","valueRequired":true,"valueName":"search_term_string"}}],"inLanguage":"de"},{"@type":"Organization","@id":"https:\/\/gemeinsam-fuer-morgen.eu\/#organization","name":"Gemeinsam f\u00fcr Morgen","url":"https:\/\/gemeinsam-fuer-morgen.eu\/","logo":{"@type":"ImageObject","inLanguage":"de","@id":"https:\/\/gemeinsam-fuer-morgen.eu\/#\/schema\/logo\/image\/","url":"https:\/\/gemeinsam-fuer-morgen.eu\/wp-content\/uploads\/2020\/11\/cropped-Logo_ohneKasten_GfM-20201009-1.png","contentUrl":"https:\/\/gemeinsam-fuer-morgen.eu\/wp-content\/uploads\/2020\/11\/cropped-Logo_ohneKasten_GfM-20201009-1.png","width":9999,"height":4991,"caption":"Gemeinsam f\u00fcr Morgen"},"image":{"@id":"https:\/\/gemeinsam-fuer-morgen.eu\/#\/schema\/logo\/image\/"}},{"@type":"Person","@id":"https:\/\/gemeinsam-fuer-morgen.eu\/#\/schema\/person\/8f7d85d4d3406e06ca43164c115099ef","name":"R","image":{"@type":"ImageObject","inLanguage":"de","@id":"https:\/\/secure.gravatar.com\/avatar\/97625508e9007885cf98f8c34b1108dbff733345040539555b8a029f6d5b7e77?s=96&d=mm&r=g","url":"https:\/\/secure.gravatar.com\/avatar\/97625508e9007885cf98f8c34b1108dbff733345040539555b8a029f6d5b7e77?s=96&d=mm&r=g","contentUrl":"https:\/\/secure.gravatar.com\/avatar\/97625508e9007885cf98f8c34b1108dbff733345040539555b8a029f6d5b7e77?s=96&d=mm&r=g","caption":"R"},"url":"https:\/\/gemeinsam-fuer-morgen.eu\/?author=1"}]}},"_links":{"self":[{"href":"https:\/\/gemeinsam-fuer-morgen.eu\/index.php?rest_route=\/wp\/v2\/posts\/493","targetHints":{"allow":["GET"]}}],"collection":[{"href":"https:\/\/gemeinsam-fuer-morgen.eu\/index.php?rest_route=\/wp\/v2\/posts"}],"about":[{"href":"https:\/\/gemeinsam-fuer-morgen.eu\/index.php?rest_route=\/wp\/v2\/types\/post"}],"author":[{"embeddable":true,"href":"https:\/\/gemeinsam-fuer-morgen.eu\/index.php?rest_route=\/wp\/v2\/users\/1"}],"replies":[{"embeddable":true,"href":"https:\/\/gemeinsam-fuer-morgen.eu\/index.php?rest_route=%2Fwp%2Fv2%2Fcomments&post=493"}],"version-history":[{"count":13,"href":"https:\/\/gemeinsam-fuer-morgen.eu\/index.php?rest_route=\/wp\/v2\/posts\/493\/revisions"}],"predecessor-version":[{"id":718,"href":"https:\/\/gemeinsam-fuer-morgen.eu\/index.php?rest_route=\/wp\/v2\/posts\/493\/revisions\/718"}],"wp:attachment":[{"href":"https:\/\/gemeinsam-fuer-morgen.eu\/index.php?rest_route=%2Fwp%2Fv2%2Fmedia&parent=493"}],"wp:term":[{"taxonomy":"category","embeddable":true,"href":"https:\/\/gemeinsam-fuer-morgen.eu\/index.php?rest_route=%2Fwp%2Fv2%2Fcategories&post=493"},{"taxonomy":"post_tag","embeddable":true,"href":"https:\/\/gemeinsam-fuer-morgen.eu\/index.php?rest_route=%2Fwp%2Fv2%2Ftags&post=493"}],"curies":[{"name":"wp","href":"https:\/\/api.w.org\/{rel}","templated":true}]}}