{"id":908,"date":"2022-08-12T10:51:34","date_gmt":"2022-08-12T09:51:34","guid":{"rendered":"https:\/\/gemeinsam-fuer-morgen.eu\/?p=908"},"modified":"2022-08-12T10:51:35","modified_gmt":"2022-08-12T09:51:35","slug":"was-passiert-mit-muell-in-der-natur","status":"publish","type":"post","link":"https:\/\/gemeinsam-fuer-morgen.eu\/?p=908","title":{"rendered":"Was passiert mit M\u00fcll in der Natur?"},"content":{"rendered":"\n<p class=\"has-medium-font-size\"><strong>Vier Banner machen auf die M\u00fcllproblematik in B\u00f6tzingen aufmerksam<\/strong><\/p>\n\n\n\n<p>Wie lange braucht M\u00fcll in der Natur, um wieder zu verschwinden? Darauf machen in B\u00f6tzingen gleich vier Banner aufmerksam: Denn M\u00fcll achtlos in der Natur zu entsorgen, das geht gar nicht! Um zu verrotten braucht eine Zigarettenkippe 60 Jahre, ein Papiertaschentuch 5 Jahre, eine Dose 150 Jahre und bei Plastikflaschen reden wir gar von 500 Jahren! Davon abgesehen, dass die chemischen Stoffe von Filtern das Erdreich belasten und beim Zersetzen freigewordenes Mikroplastik \u00fcber das Abwasser in unsere Fl\u00fcsse und Meere gelangt.<\/p>\n\n\n\n<figure class=\"wp-block-image size-full\"><img loading=\"lazy\" decoding=\"async\" width=\"1000\" height=\"628\" src=\"https:\/\/gemeinsam-fuer-morgen.eu\/wp-content\/uploads\/2022\/08\/Mu\u0308llbanner-Bo\u0308tzingen-Klimamanagerin-Kinga-Kajewski-links-und-Verein-GfM-Diana-Kunz-rechts.jpg\" alt=\"\" class=\"wp-image-909\" srcset=\"https:\/\/gemeinsam-fuer-morgen.eu\/wp-content\/uploads\/2022\/08\/Mu\u0308llbanner-Bo\u0308tzingen-Klimamanagerin-Kinga-Kajewski-links-und-Verein-GfM-Diana-Kunz-rechts.jpg 1000w, https:\/\/gemeinsam-fuer-morgen.eu\/wp-content\/uploads\/2022\/08\/Mu\u0308llbanner-Bo\u0308tzingen-Klimamanagerin-Kinga-Kajewski-links-und-Verein-GfM-Diana-Kunz-rechts-300x188.jpg 300w, https:\/\/gemeinsam-fuer-morgen.eu\/wp-content\/uploads\/2022\/08\/Mu\u0308llbanner-Bo\u0308tzingen-Klimamanagerin-Kinga-Kajewski-links-und-Verein-GfM-Diana-Kunz-rechts-768x482.jpg 768w\" sizes=\"auto, (max-width: 1000px) 100vw, 1000px\" \/><\/figure>\n\n\n\n<p><br>Um B\u00f6tzinger_innen und Besucher_innen f\u00fcr diese M\u00fcll-Problematik zu sensibilisieren, hat die Gemeinde B\u00f6tzingen mit dem Verein Gemeinsam f\u00fcr MORGEN e.V. vier Banner zu geteilten Kosten produziert, die die Verrottungszeit des oft unachtsam in unseren W\u00e4ldern, auf Stra\u00dfen oder \u00f6ffentlichen Pl\u00e4tzen entsorgten M\u00fclls zu verbildlichen. Die Banner werden abwechselnd an ausgew\u00e4hlten Pl\u00e4tzen in der Gemeinde aufgeh\u00e4ngt, wo sich viele Personen in ihrer Freizeit aufhalten. Zurzeit befinden sich die Banner am Skaterplatz, Spielplatz Im Gr\u00fcn, am Waldspielplatz und am Bahnhof. Die Banner wurden zum Selbstkostenpreis vom Marcher Gemeinderat Johannes Baumg\u00e4rtner produziert.<\/p>\n\n\n\n<p><br>Beim Thema M\u00fcll ist jede_r gefordert: Ein freundliches Wort an Mitb\u00fcrger_innen, die man beim Wegschnippen einer Zigarettenkippe beobachtet, Aufsammeln von Plastik und Co. beim Spaziergang im Wald. Vielleicht ist der Aktionstag \u201eDorfputzede\u201c, bei dem Freiwillige einmal im Fr\u00fchjahr \u00fcberall im Dorf den M\u00fcll auf Pl\u00e4tzen, Stra\u00dfen oder in der Natur einsammeln und auf dem Bauhof entsorgen, eines Tages \u00fcberfl\u00fcssig? Das w\u00e4re ein w\u00fcnschenswertes Ziel! Zum Gl\u00fcck gibt es heute schon viele Menschen, die darauf achten, dass der M\u00fcll in unserer Natur keine Zeit zum Verrotten findet und diesen einsammeln und fachgerecht entsorgen!<\/p>\n","protected":false},"excerpt":{"rendered":"<p>Vier Banner machen auf die M\u00fcllproblematik in B\u00f6tzingen aufmerksam Wie lange braucht M\u00fcll in der Natur, um wieder zu verschwinden? Darauf machen in B\u00f6tzingen gleich vier Banner aufmerksam: Denn M\u00fcll achtlos in der Natur zu entsorgen, das geht gar nicht! Um zu verrotten braucht eine Zigarettenkippe 60 Jahre, ein Papiertaschentuch 5 Jahre, eine Dose 150 &hellip; <a href=\"https:\/\/gemeinsam-fuer-morgen.eu\/?p=908\" class=\"more-link\"><span class=\"screen-reader-text\">Was passiert mit M\u00fcll in der Natur?<\/span> weiterlesen<\/a><\/p>\n","protected":false},"author":2,"featured_media":0,"comment_status":"open","ping_status":"open","sticky":false,"template":"","format":"standard","meta":{"footnotes":""},"categories":[1],"tags":[],"class_list":["post-908","post","type-post","status-publish","format-standard","hentry","category-uncategorized"],"yoast_head":"<!-- This site is optimized with the Yoast SEO plugin v27.5 - https:\/\/yoast.com\/product\/yoast-seo-wordpress\/ -->\n<title>Was passiert mit M\u00fcll in der Natur? - Gemeinsam f\u00fcr Morgen e.V.<\/title>\n<meta name=\"robots\" content=\"index, follow, max-snippet:-1, max-image-preview:large, max-video-preview:-1\" \/>\n<link rel=\"canonical\" href=\"https:\/\/gemeinsam-fuer-morgen.eu\/?p=908\" \/>\n<meta property=\"og:locale\" content=\"de_DE\" \/>\n<meta property=\"og:type\" content=\"article\" \/>\n<meta property=\"og:title\" content=\"Was passiert mit M\u00fcll in der Natur? - Gemeinsam f\u00fcr Morgen e.V.\" \/>\n<meta property=\"og:description\" content=\"Vier Banner machen auf die M\u00fcllproblematik in B\u00f6tzingen aufmerksam Wie lange braucht M\u00fcll in der Natur, um wieder zu verschwinden? Darauf machen in B\u00f6tzingen gleich vier Banner aufmerksam: Denn M\u00fcll achtlos in der Natur zu entsorgen, das geht gar nicht! Um zu verrotten braucht eine Zigarettenkippe 60 Jahre, ein Papiertaschentuch 5 Jahre, eine Dose 150 &hellip; Was passiert mit M\u00fcll in der Natur? weiterlesen\" \/>\n<meta property=\"og:url\" content=\"https:\/\/gemeinsam-fuer-morgen.eu\/?p=908\" \/>\n<meta property=\"og:site_name\" content=\"Gemeinsam f\u00fcr Morgen e.V.\" \/>\n<meta property=\"article:published_time\" content=\"2022-08-12T09:51:34+00:00\" \/>\n<meta property=\"article:modified_time\" content=\"2022-08-12T09:51:35+00:00\" \/>\n<meta name=\"author\" content=\"Illo Schoor\" \/>\n<meta name=\"twitter:card\" content=\"summary_large_image\" \/>\n<meta name=\"twitter:label1\" content=\"Verfasst von\" \/>\n\t<meta name=\"twitter:data1\" content=\"Illo Schoor\" \/>\n\t<meta name=\"twitter:label2\" content=\"Gesch\u00e4tzte Lesezeit\" \/>\n\t<meta name=\"twitter:data2\" content=\"2\u00a0Minuten\" \/>\n<script type=\"application\/ld+json\" class=\"yoast-schema-graph\">{\"@context\":\"https:\\\/\\\/schema.org\",\"@graph\":[{\"@type\":\"Article\",\"@id\":\"https:\\\/\\\/gemeinsam-fuer-morgen.eu\\\/?p=908#article\",\"isPartOf\":{\"@id\":\"https:\\\/\\\/gemeinsam-fuer-morgen.eu\\\/?p=908\"},\"author\":{\"name\":\"Illo Schoor\",\"@id\":\"https:\\\/\\\/gemeinsam-fuer-morgen.eu\\\/#\\\/schema\\\/person\\\/5badc0becaa07b8289fa9969073283ad\"},\"headline\":\"Was passiert mit M\u00fcll in der Natur?\",\"datePublished\":\"2022-08-12T09:51:34+00:00\",\"dateModified\":\"2022-08-12T09:51:35+00:00\",\"mainEntityOfPage\":{\"@id\":\"https:\\\/\\\/gemeinsam-fuer-morgen.eu\\\/?p=908\"},\"wordCount\":311,\"commentCount\":0,\"publisher\":{\"@id\":\"https:\\\/\\\/gemeinsam-fuer-morgen.eu\\\/#organization\"},\"articleSection\":[\"Uncategorized\"],\"inLanguage\":\"de\",\"potentialAction\":[{\"@type\":\"CommentAction\",\"name\":\"Comment\",\"target\":[\"https:\\\/\\\/gemeinsam-fuer-morgen.eu\\\/?p=908#respond\"]}]},{\"@type\":\"WebPage\",\"@id\":\"https:\\\/\\\/gemeinsam-fuer-morgen.eu\\\/?p=908\",\"url\":\"https:\\\/\\\/gemeinsam-fuer-morgen.eu\\\/?p=908\",\"name\":\"Was passiert mit M\u00fcll in der Natur? - Gemeinsam f\u00fcr Morgen e.V.\",\"isPartOf\":{\"@id\":\"https:\\\/\\\/gemeinsam-fuer-morgen.eu\\\/#website\"},\"datePublished\":\"2022-08-12T09:51:34+00:00\",\"dateModified\":\"2022-08-12T09:51:35+00:00\",\"breadcrumb\":{\"@id\":\"https:\\\/\\\/gemeinsam-fuer-morgen.eu\\\/?p=908#breadcrumb\"},\"inLanguage\":\"de\",\"potentialAction\":[{\"@type\":\"ReadAction\",\"target\":[\"https:\\\/\\\/gemeinsam-fuer-morgen.eu\\\/?p=908\"]}]},{\"@type\":\"BreadcrumbList\",\"@id\":\"https:\\\/\\\/gemeinsam-fuer-morgen.eu\\\/?p=908#breadcrumb\",\"itemListElement\":[{\"@type\":\"ListItem\",\"position\":1,\"name\":\"Startseite\",\"item\":\"https:\\\/\\\/gemeinsam-fuer-morgen.eu\\\/\"},{\"@type\":\"ListItem\",\"position\":2,\"name\":\"Was passiert mit M\u00fcll in der Natur?\"}]},{\"@type\":\"WebSite\",\"@id\":\"https:\\\/\\\/gemeinsam-fuer-morgen.eu\\\/#website\",\"url\":\"https:\\\/\\\/gemeinsam-fuer-morgen.eu\\\/\",\"name\":\"Gemeinsam f\u00fcr Morgen e.V.\",\"description\":\"Nachhaltig in die Zukunft\",\"publisher\":{\"@id\":\"https:\\\/\\\/gemeinsam-fuer-morgen.eu\\\/#organization\"},\"potentialAction\":[{\"@type\":\"SearchAction\",\"target\":{\"@type\":\"EntryPoint\",\"urlTemplate\":\"https:\\\/\\\/gemeinsam-fuer-morgen.eu\\\/?s={search_term_string}\"},\"query-input\":{\"@type\":\"PropertyValueSpecification\",\"valueRequired\":true,\"valueName\":\"search_term_string\"}}],\"inLanguage\":\"de\"},{\"@type\":\"Organization\",\"@id\":\"https:\\\/\\\/gemeinsam-fuer-morgen.eu\\\/#organization\",\"name\":\"Gemeinsam f\u00fcr Morgen\",\"url\":\"https:\\\/\\\/gemeinsam-fuer-morgen.eu\\\/\",\"logo\":{\"@type\":\"ImageObject\",\"inLanguage\":\"de\",\"@id\":\"https:\\\/\\\/gemeinsam-fuer-morgen.eu\\\/#\\\/schema\\\/logo\\\/image\\\/\",\"url\":\"https:\\\/\\\/gemeinsam-fuer-morgen.eu\\\/wp-content\\\/uploads\\\/2020\\\/11\\\/cropped-Logo_ohneKasten_GfM-20201009-1.png\",\"contentUrl\":\"https:\\\/\\\/gemeinsam-fuer-morgen.eu\\\/wp-content\\\/uploads\\\/2020\\\/11\\\/cropped-Logo_ohneKasten_GfM-20201009-1.png\",\"width\":9999,\"height\":4991,\"caption\":\"Gemeinsam f\u00fcr Morgen\"},\"image\":{\"@id\":\"https:\\\/\\\/gemeinsam-fuer-morgen.eu\\\/#\\\/schema\\\/logo\\\/image\\\/\"}},{\"@type\":\"Person\",\"@id\":\"https:\\\/\\\/gemeinsam-fuer-morgen.eu\\\/#\\\/schema\\\/person\\\/5badc0becaa07b8289fa9969073283ad\",\"name\":\"Illo Schoor\",\"image\":{\"@type\":\"ImageObject\",\"inLanguage\":\"de\",\"@id\":\"https:\\\/\\\/secure.gravatar.com\\\/avatar\\\/09db2e60778f4848e3116476ffaad9ea34d71cbfd3ce78cc3cedfc8238430028?s=96&d=mm&r=g\",\"url\":\"https:\\\/\\\/secure.gravatar.com\\\/avatar\\\/09db2e60778f4848e3116476ffaad9ea34d71cbfd3ce78cc3cedfc8238430028?s=96&d=mm&r=g\",\"contentUrl\":\"https:\\\/\\\/secure.gravatar.com\\\/avatar\\\/09db2e60778f4848e3116476ffaad9ea34d71cbfd3ce78cc3cedfc8238430028?s=96&d=mm&r=g\",\"caption\":\"Illo Schoor\"},\"url\":\"https:\\\/\\\/gemeinsam-fuer-morgen.eu\\\/?author=2\"}]}<\/script>\n<!-- \/ Yoast SEO plugin. -->","yoast_head_json":{"title":"Was passiert mit M\u00fcll in der Natur? - Gemeinsam f\u00fcr Morgen e.V.","robots":{"index":"index","follow":"follow","max-snippet":"max-snippet:-1","max-image-preview":"max-image-preview:large","max-video-preview":"max-video-preview:-1"},"canonical":"https:\/\/gemeinsam-fuer-morgen.eu\/?p=908","og_locale":"de_DE","og_type":"article","og_title":"Was passiert mit M\u00fcll in der Natur? - Gemeinsam f\u00fcr Morgen e.V.","og_description":"Vier Banner machen auf die M\u00fcllproblematik in B\u00f6tzingen aufmerksam Wie lange braucht M\u00fcll in der Natur, um wieder zu verschwinden? Darauf machen in B\u00f6tzingen gleich vier Banner aufmerksam: Denn M\u00fcll achtlos in der Natur zu entsorgen, das geht gar nicht! Um zu verrotten braucht eine Zigarettenkippe 60 Jahre, ein Papiertaschentuch 5 Jahre, eine Dose 150 &hellip; Was passiert mit M\u00fcll in der Natur? weiterlesen","og_url":"https:\/\/gemeinsam-fuer-morgen.eu\/?p=908","og_site_name":"Gemeinsam f\u00fcr Morgen e.V.","article_published_time":"2022-08-12T09:51:34+00:00","article_modified_time":"2022-08-12T09:51:35+00:00","author":"Illo Schoor","twitter_card":"summary_large_image","twitter_misc":{"Verfasst von":"Illo Schoor","Gesch\u00e4tzte Lesezeit":"2\u00a0Minuten"},"schema":{"@context":"https:\/\/schema.org","@graph":[{"@type":"Article","@id":"https:\/\/gemeinsam-fuer-morgen.eu\/?p=908#article","isPartOf":{"@id":"https:\/\/gemeinsam-fuer-morgen.eu\/?p=908"},"author":{"name":"Illo Schoor","@id":"https:\/\/gemeinsam-fuer-morgen.eu\/#\/schema\/person\/5badc0becaa07b8289fa9969073283ad"},"headline":"Was passiert mit M\u00fcll in der Natur?","datePublished":"2022-08-12T09:51:34+00:00","dateModified":"2022-08-12T09:51:35+00:00","mainEntityOfPage":{"@id":"https:\/\/gemeinsam-fuer-morgen.eu\/?p=908"},"wordCount":311,"commentCount":0,"publisher":{"@id":"https:\/\/gemeinsam-fuer-morgen.eu\/#organization"},"articleSection":["Uncategorized"],"inLanguage":"de","potentialAction":[{"@type":"CommentAction","name":"Comment","target":["https:\/\/gemeinsam-fuer-morgen.eu\/?p=908#respond"]}]},{"@type":"WebPage","@id":"https:\/\/gemeinsam-fuer-morgen.eu\/?p=908","url":"https:\/\/gemeinsam-fuer-morgen.eu\/?p=908","name":"Was passiert mit M\u00fcll in der Natur? - Gemeinsam f\u00fcr Morgen e.V.","isPartOf":{"@id":"https:\/\/gemeinsam-fuer-morgen.eu\/#website"},"datePublished":"2022-08-12T09:51:34+00:00","dateModified":"2022-08-12T09:51:35+00:00","breadcrumb":{"@id":"https:\/\/gemeinsam-fuer-morgen.eu\/?p=908#breadcrumb"},"inLanguage":"de","potentialAction":[{"@type":"ReadAction","target":["https:\/\/gemeinsam-fuer-morgen.eu\/?p=908"]}]},{"@type":"BreadcrumbList","@id":"https:\/\/gemeinsam-fuer-morgen.eu\/?p=908#breadcrumb","itemListElement":[{"@type":"ListItem","position":1,"name":"Startseite","item":"https:\/\/gemeinsam-fuer-morgen.eu\/"},{"@type":"ListItem","position":2,"name":"Was passiert mit M\u00fcll in der Natur?"}]},{"@type":"WebSite","@id":"https:\/\/gemeinsam-fuer-morgen.eu\/#website","url":"https:\/\/gemeinsam-fuer-morgen.eu\/","name":"Gemeinsam f\u00fcr Morgen e.V.","description":"Nachhaltig in die Zukunft","publisher":{"@id":"https:\/\/gemeinsam-fuer-morgen.eu\/#organization"},"potentialAction":[{"@type":"SearchAction","target":{"@type":"EntryPoint","urlTemplate":"https:\/\/gemeinsam-fuer-morgen.eu\/?s={search_term_string}"},"query-input":{"@type":"PropertyValueSpecification","valueRequired":true,"valueName":"search_term_string"}}],"inLanguage":"de"},{"@type":"Organization","@id":"https:\/\/gemeinsam-fuer-morgen.eu\/#organization","name":"Gemeinsam f\u00fcr Morgen","url":"https:\/\/gemeinsam-fuer-morgen.eu\/","logo":{"@type":"ImageObject","inLanguage":"de","@id":"https:\/\/gemeinsam-fuer-morgen.eu\/#\/schema\/logo\/image\/","url":"https:\/\/gemeinsam-fuer-morgen.eu\/wp-content\/uploads\/2020\/11\/cropped-Logo_ohneKasten_GfM-20201009-1.png","contentUrl":"https:\/\/gemeinsam-fuer-morgen.eu\/wp-content\/uploads\/2020\/11\/cropped-Logo_ohneKasten_GfM-20201009-1.png","width":9999,"height":4991,"caption":"Gemeinsam f\u00fcr Morgen"},"image":{"@id":"https:\/\/gemeinsam-fuer-morgen.eu\/#\/schema\/logo\/image\/"}},{"@type":"Person","@id":"https:\/\/gemeinsam-fuer-morgen.eu\/#\/schema\/person\/5badc0becaa07b8289fa9969073283ad","name":"Illo Schoor","image":{"@type":"ImageObject","inLanguage":"de","@id":"https:\/\/secure.gravatar.com\/avatar\/09db2e60778f4848e3116476ffaad9ea34d71cbfd3ce78cc3cedfc8238430028?s=96&d=mm&r=g","url":"https:\/\/secure.gravatar.com\/avatar\/09db2e60778f4848e3116476ffaad9ea34d71cbfd3ce78cc3cedfc8238430028?s=96&d=mm&r=g","contentUrl":"https:\/\/secure.gravatar.com\/avatar\/09db2e60778f4848e3116476ffaad9ea34d71cbfd3ce78cc3cedfc8238430028?s=96&d=mm&r=g","caption":"Illo Schoor"},"url":"https:\/\/gemeinsam-fuer-morgen.eu\/?author=2"}]}},"_links":{"self":[{"href":"https:\/\/gemeinsam-fuer-morgen.eu\/index.php?rest_route=\/wp\/v2\/posts\/908","targetHints":{"allow":["GET"]}}],"collection":[{"href":"https:\/\/gemeinsam-fuer-morgen.eu\/index.php?rest_route=\/wp\/v2\/posts"}],"about":[{"href":"https:\/\/gemeinsam-fuer-morgen.eu\/index.php?rest_route=\/wp\/v2\/types\/post"}],"author":[{"embeddable":true,"href":"https:\/\/gemeinsam-fuer-morgen.eu\/index.php?rest_route=\/wp\/v2\/users\/2"}],"replies":[{"embeddable":true,"href":"https:\/\/gemeinsam-fuer-morgen.eu\/index.php?rest_route=%2Fwp%2Fv2%2Fcomments&post=908"}],"version-history":[{"count":1,"href":"https:\/\/gemeinsam-fuer-morgen.eu\/index.php?rest_route=\/wp\/v2\/posts\/908\/revisions"}],"predecessor-version":[{"id":910,"href":"https:\/\/gemeinsam-fuer-morgen.eu\/index.php?rest_route=\/wp\/v2\/posts\/908\/revisions\/910"}],"wp:attachment":[{"href":"https:\/\/gemeinsam-fuer-morgen.eu\/index.php?rest_route=%2Fwp%2Fv2%2Fmedia&parent=908"}],"wp:term":[{"taxonomy":"category","embeddable":true,"href":"https:\/\/gemeinsam-fuer-morgen.eu\/index.php?rest_route=%2Fwp%2Fv2%2Fcategories&post=908"},{"taxonomy":"post_tag","embeddable":true,"href":"https:\/\/gemeinsam-fuer-morgen.eu\/index.php?rest_route=%2Fwp%2Fv2%2Ftags&post=908"}],"curies":[{"name":"wp","href":"https:\/\/api.w.org\/{rel}","templated":true}]}}