{"id":919,"date":"2022-11-23T23:35:14","date_gmt":"2022-11-23T22:35:14","guid":{"rendered":"https:\/\/gemeinsam-fuer-morgen.eu\/?p=919"},"modified":"2022-11-23T23:35:16","modified_gmt":"2022-11-23T22:35:16","slug":"pflanzaktion-mit-zwiebeln","status":"publish","type":"post","link":"https:\/\/gemeinsam-fuer-morgen.eu\/?p=919","title":{"rendered":"Pflanzaktion mit Zwiebeln"},"content":{"rendered":"\n<figure class=\"wp-block-image size-full\"><img loading=\"lazy\" decoding=\"async\" width=\"600\" height=\"800\" src=\"https:\/\/gemeinsam-fuer-morgen.eu\/wp-content\/uploads\/2022\/11\/Prairiegarten.jpeg\" alt=\"\" class=\"wp-image-920\" srcset=\"https:\/\/gemeinsam-fuer-morgen.eu\/wp-content\/uploads\/2022\/11\/Prairiegarten.jpeg 600w, https:\/\/gemeinsam-fuer-morgen.eu\/wp-content\/uploads\/2022\/11\/Prairiegarten-225x300.jpeg 225w, https:\/\/gemeinsam-fuer-morgen.eu\/wp-content\/uploads\/2022\/11\/Prairiegarten-300x400.jpeg 300w\" sizes=\"auto, (max-width: 600px) 100vw, 600px\" \/><\/figure>\n\n\n\n<p>Am kommenden Samstag den 26.11.2022 um 14 -16 Uhr werden in der gemeinschaftlich gepflanzten Fl\u00e4che am Radweg (B\u00f6tzingen M\u00fchle) noch \u00fcber 1000 Fr\u00fchbl\u00fcher in Form von Zwiebeln gesetzt. Damit f\u00fcr alle Insekten der Fr\u00fchling mit einem reichen Angebot an Nektar und Pollen startet.<\/p>\n\n\n\n<p>Hierzu werden noch viele H\u00e4nde ben\u00f6tigt.<\/p>\n\n\n\n<p>Lasst uns gemeinsam beginnen, dem Klimawandel den Kampf anzusagen und erfahren, dass wir selbstwirksam sein k\u00f6nnen. &#x1f603;<\/p>\n\n\n\n<p>Ich w\u00fcrde mich sehr freuen wenn Eltern mit ihren Kinder kommen w\u00fcrden, denn ihr seid die besten Vorbilder. &#x1f60d;<\/p>\n\n\n\n<p>Bitte gebt mir pers\u00f6nlich Bescheid! <a href=\"karolin.krakutsch@gemeinsam-fuer-morgen.eu\">karolin.krakutsch@gemeinsam-fuer-morgen.eu<\/a><\/p>\n\n\n\n<p>Viele liebe Gr\u00fc\u00dfe von <\/p>\n\n\n\n<p><br>Karolin Krakutsch<\/p>\n","protected":false},"excerpt":{"rendered":"<p>Am kommenden Samstag den 26.11.2022 um 14 -16 Uhr werden in der gemeinschaftlich gepflanzten Fl\u00e4che am Radweg (B\u00f6tzingen M\u00fchle) noch \u00fcber 1000 Fr\u00fchbl\u00fcher in Form von Zwiebeln gesetzt. Damit f\u00fcr alle Insekten der Fr\u00fchling mit einem reichen Angebot an Nektar und Pollen startet. Hierzu werden noch viele H\u00e4nde ben\u00f6tigt. Lasst uns gemeinsam beginnen, dem Klimawandel &hellip; <a href=\"https:\/\/gemeinsam-fuer-morgen.eu\/?p=919\" class=\"more-link\"><span class=\"screen-reader-text\">Pflanzaktion mit Zwiebeln<\/span> weiterlesen<\/a><\/p>\n","protected":false},"author":2,"featured_media":0,"comment_status":"open","ping_status":"open","sticky":false,"template":"","format":"standard","meta":{"footnotes":""},"categories":[1],"tags":[],"class_list":["post-919","post","type-post","status-publish","format-standard","hentry","category-uncategorized"],"yoast_head":"<!-- This site is optimized with the Yoast SEO plugin v27.5 - https:\/\/yoast.com\/product\/yoast-seo-wordpress\/ -->\n<title>Pflanzaktion mit Zwiebeln - Gemeinsam f\u00fcr Morgen e.V.<\/title>\n<meta name=\"robots\" content=\"index, follow, max-snippet:-1, max-image-preview:large, max-video-preview:-1\" \/>\n<link rel=\"canonical\" href=\"https:\/\/gemeinsam-fuer-morgen.eu\/?p=919\" \/>\n<meta property=\"og:locale\" content=\"de_DE\" \/>\n<meta property=\"og:type\" content=\"article\" \/>\n<meta property=\"og:title\" content=\"Pflanzaktion mit Zwiebeln - Gemeinsam f\u00fcr Morgen e.V.\" \/>\n<meta property=\"og:description\" content=\"Am kommenden Samstag den 26.11.2022 um 14 -16 Uhr werden in der gemeinschaftlich gepflanzten Fl\u00e4che am Radweg (B\u00f6tzingen M\u00fchle) noch \u00fcber 1000 Fr\u00fchbl\u00fcher in Form von Zwiebeln gesetzt. Damit f\u00fcr alle Insekten der Fr\u00fchling mit einem reichen Angebot an Nektar und Pollen startet. Hierzu werden noch viele H\u00e4nde ben\u00f6tigt. Lasst uns gemeinsam beginnen, dem Klimawandel &hellip; Pflanzaktion mit Zwiebeln weiterlesen\" \/>\n<meta property=\"og:url\" content=\"https:\/\/gemeinsam-fuer-morgen.eu\/?p=919\" \/>\n<meta property=\"og:site_name\" content=\"Gemeinsam f\u00fcr Morgen e.V.\" \/>\n<meta property=\"article:published_time\" content=\"2022-11-23T22:35:14+00:00\" \/>\n<meta property=\"article:modified_time\" content=\"2022-11-23T22:35:16+00:00\" \/>\n<meta property=\"og:image\" content=\"https:\/\/gemeinsam-fuer-morgen.eu\/wp-content\/uploads\/2022\/11\/Prairiegarten.jpeg\" \/>\n<meta name=\"author\" content=\"Illo Schoor\" \/>\n<meta name=\"twitter:card\" content=\"summary_large_image\" \/>\n<meta name=\"twitter:label1\" content=\"Verfasst von\" \/>\n\t<meta name=\"twitter:data1\" content=\"Illo Schoor\" \/>\n\t<meta name=\"twitter:label2\" content=\"Gesch\u00e4tzte Lesezeit\" \/>\n\t<meta name=\"twitter:data2\" content=\"1\u00a0Minute\" \/>\n<script type=\"application\/ld+json\" class=\"yoast-schema-graph\">{\"@context\":\"https:\\\/\\\/schema.org\",\"@graph\":[{\"@type\":\"Article\",\"@id\":\"https:\\\/\\\/gemeinsam-fuer-morgen.eu\\\/?p=919#article\",\"isPartOf\":{\"@id\":\"https:\\\/\\\/gemeinsam-fuer-morgen.eu\\\/?p=919\"},\"author\":{\"name\":\"Illo Schoor\",\"@id\":\"https:\\\/\\\/gemeinsam-fuer-morgen.eu\\\/#\\\/schema\\\/person\\\/5badc0becaa07b8289fa9969073283ad\"},\"headline\":\"Pflanzaktion mit Zwiebeln\",\"datePublished\":\"2022-11-23T22:35:14+00:00\",\"dateModified\":\"2022-11-23T22:35:16+00:00\",\"mainEntityOfPage\":{\"@id\":\"https:\\\/\\\/gemeinsam-fuer-morgen.eu\\\/?p=919\"},\"wordCount\":117,\"commentCount\":0,\"publisher\":{\"@id\":\"https:\\\/\\\/gemeinsam-fuer-morgen.eu\\\/#organization\"},\"image\":{\"@id\":\"https:\\\/\\\/gemeinsam-fuer-morgen.eu\\\/?p=919#primaryimage\"},\"thumbnailUrl\":\"https:\\\/\\\/gemeinsam-fuer-morgen.eu\\\/wp-content\\\/uploads\\\/2022\\\/11\\\/Prairiegarten.jpeg\",\"articleSection\":[\"Uncategorized\"],\"inLanguage\":\"de\",\"potentialAction\":[{\"@type\":\"CommentAction\",\"name\":\"Comment\",\"target\":[\"https:\\\/\\\/gemeinsam-fuer-morgen.eu\\\/?p=919#respond\"]}]},{\"@type\":\"WebPage\",\"@id\":\"https:\\\/\\\/gemeinsam-fuer-morgen.eu\\\/?p=919\",\"url\":\"https:\\\/\\\/gemeinsam-fuer-morgen.eu\\\/?p=919\",\"name\":\"Pflanzaktion mit Zwiebeln - Gemeinsam f\u00fcr Morgen e.V.\",\"isPartOf\":{\"@id\":\"https:\\\/\\\/gemeinsam-fuer-morgen.eu\\\/#website\"},\"primaryImageOfPage\":{\"@id\":\"https:\\\/\\\/gemeinsam-fuer-morgen.eu\\\/?p=919#primaryimage\"},\"image\":{\"@id\":\"https:\\\/\\\/gemeinsam-fuer-morgen.eu\\\/?p=919#primaryimage\"},\"thumbnailUrl\":\"https:\\\/\\\/gemeinsam-fuer-morgen.eu\\\/wp-content\\\/uploads\\\/2022\\\/11\\\/Prairiegarten.jpeg\",\"datePublished\":\"2022-11-23T22:35:14+00:00\",\"dateModified\":\"2022-11-23T22:35:16+00:00\",\"breadcrumb\":{\"@id\":\"https:\\\/\\\/gemeinsam-fuer-morgen.eu\\\/?p=919#breadcrumb\"},\"inLanguage\":\"de\",\"potentialAction\":[{\"@type\":\"ReadAction\",\"target\":[\"https:\\\/\\\/gemeinsam-fuer-morgen.eu\\\/?p=919\"]}]},{\"@type\":\"ImageObject\",\"inLanguage\":\"de\",\"@id\":\"https:\\\/\\\/gemeinsam-fuer-morgen.eu\\\/?p=919#primaryimage\",\"url\":\"https:\\\/\\\/gemeinsam-fuer-morgen.eu\\\/wp-content\\\/uploads\\\/2022\\\/11\\\/Prairiegarten.jpeg\",\"contentUrl\":\"https:\\\/\\\/gemeinsam-fuer-morgen.eu\\\/wp-content\\\/uploads\\\/2022\\\/11\\\/Prairiegarten.jpeg\",\"width\":600,\"height\":800},{\"@type\":\"BreadcrumbList\",\"@id\":\"https:\\\/\\\/gemeinsam-fuer-morgen.eu\\\/?p=919#breadcrumb\",\"itemListElement\":[{\"@type\":\"ListItem\",\"position\":1,\"name\":\"Startseite\",\"item\":\"https:\\\/\\\/gemeinsam-fuer-morgen.eu\\\/\"},{\"@type\":\"ListItem\",\"position\":2,\"name\":\"Pflanzaktion mit Zwiebeln\"}]},{\"@type\":\"WebSite\",\"@id\":\"https:\\\/\\\/gemeinsam-fuer-morgen.eu\\\/#website\",\"url\":\"https:\\\/\\\/gemeinsam-fuer-morgen.eu\\\/\",\"name\":\"Gemeinsam f\u00fcr Morgen e.V.\",\"description\":\"Nachhaltig in die Zukunft\",\"publisher\":{\"@id\":\"https:\\\/\\\/gemeinsam-fuer-morgen.eu\\\/#organization\"},\"potentialAction\":[{\"@type\":\"SearchAction\",\"target\":{\"@type\":\"EntryPoint\",\"urlTemplate\":\"https:\\\/\\\/gemeinsam-fuer-morgen.eu\\\/?s={search_term_string}\"},\"query-input\":{\"@type\":\"PropertyValueSpecification\",\"valueRequired\":true,\"valueName\":\"search_term_string\"}}],\"inLanguage\":\"de\"},{\"@type\":\"Organization\",\"@id\":\"https:\\\/\\\/gemeinsam-fuer-morgen.eu\\\/#organization\",\"name\":\"Gemeinsam f\u00fcr Morgen\",\"url\":\"https:\\\/\\\/gemeinsam-fuer-morgen.eu\\\/\",\"logo\":{\"@type\":\"ImageObject\",\"inLanguage\":\"de\",\"@id\":\"https:\\\/\\\/gemeinsam-fuer-morgen.eu\\\/#\\\/schema\\\/logo\\\/image\\\/\",\"url\":\"https:\\\/\\\/gemeinsam-fuer-morgen.eu\\\/wp-content\\\/uploads\\\/2020\\\/11\\\/cropped-Logo_ohneKasten_GfM-20201009-1.png\",\"contentUrl\":\"https:\\\/\\\/gemeinsam-fuer-morgen.eu\\\/wp-content\\\/uploads\\\/2020\\\/11\\\/cropped-Logo_ohneKasten_GfM-20201009-1.png\",\"width\":9999,\"height\":4991,\"caption\":\"Gemeinsam f\u00fcr Morgen\"},\"image\":{\"@id\":\"https:\\\/\\\/gemeinsam-fuer-morgen.eu\\\/#\\\/schema\\\/logo\\\/image\\\/\"}},{\"@type\":\"Person\",\"@id\":\"https:\\\/\\\/gemeinsam-fuer-morgen.eu\\\/#\\\/schema\\\/person\\\/5badc0becaa07b8289fa9969073283ad\",\"name\":\"Illo Schoor\",\"image\":{\"@type\":\"ImageObject\",\"inLanguage\":\"de\",\"@id\":\"https:\\\/\\\/secure.gravatar.com\\\/avatar\\\/09db2e60778f4848e3116476ffaad9ea34d71cbfd3ce78cc3cedfc8238430028?s=96&d=mm&r=g\",\"url\":\"https:\\\/\\\/secure.gravatar.com\\\/avatar\\\/09db2e60778f4848e3116476ffaad9ea34d71cbfd3ce78cc3cedfc8238430028?s=96&d=mm&r=g\",\"contentUrl\":\"https:\\\/\\\/secure.gravatar.com\\\/avatar\\\/09db2e60778f4848e3116476ffaad9ea34d71cbfd3ce78cc3cedfc8238430028?s=96&d=mm&r=g\",\"caption\":\"Illo Schoor\"},\"url\":\"https:\\\/\\\/gemeinsam-fuer-morgen.eu\\\/?author=2\"}]}<\/script>\n<!-- \/ Yoast SEO plugin. -->","yoast_head_json":{"title":"Pflanzaktion mit Zwiebeln - Gemeinsam f\u00fcr Morgen e.V.","robots":{"index":"index","follow":"follow","max-snippet":"max-snippet:-1","max-image-preview":"max-image-preview:large","max-video-preview":"max-video-preview:-1"},"canonical":"https:\/\/gemeinsam-fuer-morgen.eu\/?p=919","og_locale":"de_DE","og_type":"article","og_title":"Pflanzaktion mit Zwiebeln - Gemeinsam f\u00fcr Morgen e.V.","og_description":"Am kommenden Samstag den 26.11.2022 um 14 -16 Uhr werden in der gemeinschaftlich gepflanzten Fl\u00e4che am Radweg (B\u00f6tzingen M\u00fchle) noch \u00fcber 1000 Fr\u00fchbl\u00fcher in Form von Zwiebeln gesetzt. Damit f\u00fcr alle Insekten der Fr\u00fchling mit einem reichen Angebot an Nektar und Pollen startet. Hierzu werden noch viele H\u00e4nde ben\u00f6tigt. Lasst uns gemeinsam beginnen, dem Klimawandel &hellip; Pflanzaktion mit Zwiebeln weiterlesen","og_url":"https:\/\/gemeinsam-fuer-morgen.eu\/?p=919","og_site_name":"Gemeinsam f\u00fcr Morgen e.V.","article_published_time":"2022-11-23T22:35:14+00:00","article_modified_time":"2022-11-23T22:35:16+00:00","og_image":[{"url":"https:\/\/gemeinsam-fuer-morgen.eu\/wp-content\/uploads\/2022\/11\/Prairiegarten.jpeg","type":"","width":"","height":""}],"author":"Illo Schoor","twitter_card":"summary_large_image","twitter_misc":{"Verfasst von":"Illo Schoor","Gesch\u00e4tzte Lesezeit":"1\u00a0Minute"},"schema":{"@context":"https:\/\/schema.org","@graph":[{"@type":"Article","@id":"https:\/\/gemeinsam-fuer-morgen.eu\/?p=919#article","isPartOf":{"@id":"https:\/\/gemeinsam-fuer-morgen.eu\/?p=919"},"author":{"name":"Illo Schoor","@id":"https:\/\/gemeinsam-fuer-morgen.eu\/#\/schema\/person\/5badc0becaa07b8289fa9969073283ad"},"headline":"Pflanzaktion mit Zwiebeln","datePublished":"2022-11-23T22:35:14+00:00","dateModified":"2022-11-23T22:35:16+00:00","mainEntityOfPage":{"@id":"https:\/\/gemeinsam-fuer-morgen.eu\/?p=919"},"wordCount":117,"commentCount":0,"publisher":{"@id":"https:\/\/gemeinsam-fuer-morgen.eu\/#organization"},"image":{"@id":"https:\/\/gemeinsam-fuer-morgen.eu\/?p=919#primaryimage"},"thumbnailUrl":"https:\/\/gemeinsam-fuer-morgen.eu\/wp-content\/uploads\/2022\/11\/Prairiegarten.jpeg","articleSection":["Uncategorized"],"inLanguage":"de","potentialAction":[{"@type":"CommentAction","name":"Comment","target":["https:\/\/gemeinsam-fuer-morgen.eu\/?p=919#respond"]}]},{"@type":"WebPage","@id":"https:\/\/gemeinsam-fuer-morgen.eu\/?p=919","url":"https:\/\/gemeinsam-fuer-morgen.eu\/?p=919","name":"Pflanzaktion mit Zwiebeln - Gemeinsam f\u00fcr Morgen e.V.","isPartOf":{"@id":"https:\/\/gemeinsam-fuer-morgen.eu\/#website"},"primaryImageOfPage":{"@id":"https:\/\/gemeinsam-fuer-morgen.eu\/?p=919#primaryimage"},"image":{"@id":"https:\/\/gemeinsam-fuer-morgen.eu\/?p=919#primaryimage"},"thumbnailUrl":"https:\/\/gemeinsam-fuer-morgen.eu\/wp-content\/uploads\/2022\/11\/Prairiegarten.jpeg","datePublished":"2022-11-23T22:35:14+00:00","dateModified":"2022-11-23T22:35:16+00:00","breadcrumb":{"@id":"https:\/\/gemeinsam-fuer-morgen.eu\/?p=919#breadcrumb"},"inLanguage":"de","potentialAction":[{"@type":"ReadAction","target":["https:\/\/gemeinsam-fuer-morgen.eu\/?p=919"]}]},{"@type":"ImageObject","inLanguage":"de","@id":"https:\/\/gemeinsam-fuer-morgen.eu\/?p=919#primaryimage","url":"https:\/\/gemeinsam-fuer-morgen.eu\/wp-content\/uploads\/2022\/11\/Prairiegarten.jpeg","contentUrl":"https:\/\/gemeinsam-fuer-morgen.eu\/wp-content\/uploads\/2022\/11\/Prairiegarten.jpeg","width":600,"height":800},{"@type":"BreadcrumbList","@id":"https:\/\/gemeinsam-fuer-morgen.eu\/?p=919#breadcrumb","itemListElement":[{"@type":"ListItem","position":1,"name":"Startseite","item":"https:\/\/gemeinsam-fuer-morgen.eu\/"},{"@type":"ListItem","position":2,"name":"Pflanzaktion mit Zwiebeln"}]},{"@type":"WebSite","@id":"https:\/\/gemeinsam-fuer-morgen.eu\/#website","url":"https:\/\/gemeinsam-fuer-morgen.eu\/","name":"Gemeinsam f\u00fcr Morgen e.V.","description":"Nachhaltig in die Zukunft","publisher":{"@id":"https:\/\/gemeinsam-fuer-morgen.eu\/#organization"},"potentialAction":[{"@type":"SearchAction","target":{"@type":"EntryPoint","urlTemplate":"https:\/\/gemeinsam-fuer-morgen.eu\/?s={search_term_string}"},"query-input":{"@type":"PropertyValueSpecification","valueRequired":true,"valueName":"search_term_string"}}],"inLanguage":"de"},{"@type":"Organization","@id":"https:\/\/gemeinsam-fuer-morgen.eu\/#organization","name":"Gemeinsam f\u00fcr Morgen","url":"https:\/\/gemeinsam-fuer-morgen.eu\/","logo":{"@type":"ImageObject","inLanguage":"de","@id":"https:\/\/gemeinsam-fuer-morgen.eu\/#\/schema\/logo\/image\/","url":"https:\/\/gemeinsam-fuer-morgen.eu\/wp-content\/uploads\/2020\/11\/cropped-Logo_ohneKasten_GfM-20201009-1.png","contentUrl":"https:\/\/gemeinsam-fuer-morgen.eu\/wp-content\/uploads\/2020\/11\/cropped-Logo_ohneKasten_GfM-20201009-1.png","width":9999,"height":4991,"caption":"Gemeinsam f\u00fcr Morgen"},"image":{"@id":"https:\/\/gemeinsam-fuer-morgen.eu\/#\/schema\/logo\/image\/"}},{"@type":"Person","@id":"https:\/\/gemeinsam-fuer-morgen.eu\/#\/schema\/person\/5badc0becaa07b8289fa9969073283ad","name":"Illo Schoor","image":{"@type":"ImageObject","inLanguage":"de","@id":"https:\/\/secure.gravatar.com\/avatar\/09db2e60778f4848e3116476ffaad9ea34d71cbfd3ce78cc3cedfc8238430028?s=96&d=mm&r=g","url":"https:\/\/secure.gravatar.com\/avatar\/09db2e60778f4848e3116476ffaad9ea34d71cbfd3ce78cc3cedfc8238430028?s=96&d=mm&r=g","contentUrl":"https:\/\/secure.gravatar.com\/avatar\/09db2e60778f4848e3116476ffaad9ea34d71cbfd3ce78cc3cedfc8238430028?s=96&d=mm&r=g","caption":"Illo Schoor"},"url":"https:\/\/gemeinsam-fuer-morgen.eu\/?author=2"}]}},"_links":{"self":[{"href":"https:\/\/gemeinsam-fuer-morgen.eu\/index.php?rest_route=\/wp\/v2\/posts\/919","targetHints":{"allow":["GET"]}}],"collection":[{"href":"https:\/\/gemeinsam-fuer-morgen.eu\/index.php?rest_route=\/wp\/v2\/posts"}],"about":[{"href":"https:\/\/gemeinsam-fuer-morgen.eu\/index.php?rest_route=\/wp\/v2\/types\/post"}],"author":[{"embeddable":true,"href":"https:\/\/gemeinsam-fuer-morgen.eu\/index.php?rest_route=\/wp\/v2\/users\/2"}],"replies":[{"embeddable":true,"href":"https:\/\/gemeinsam-fuer-morgen.eu\/index.php?rest_route=%2Fwp%2Fv2%2Fcomments&post=919"}],"version-history":[{"count":1,"href":"https:\/\/gemeinsam-fuer-morgen.eu\/index.php?rest_route=\/wp\/v2\/posts\/919\/revisions"}],"predecessor-version":[{"id":921,"href":"https:\/\/gemeinsam-fuer-morgen.eu\/index.php?rest_route=\/wp\/v2\/posts\/919\/revisions\/921"}],"wp:attachment":[{"href":"https:\/\/gemeinsam-fuer-morgen.eu\/index.php?rest_route=%2Fwp%2Fv2%2Fmedia&parent=919"}],"wp:term":[{"taxonomy":"category","embeddable":true,"href":"https:\/\/gemeinsam-fuer-morgen.eu\/index.php?rest_route=%2Fwp%2Fv2%2Fcategories&post=919"},{"taxonomy":"post_tag","embeddable":true,"href":"https:\/\/gemeinsam-fuer-morgen.eu\/index.php?rest_route=%2Fwp%2Fv2%2Ftags&post=919"}],"curies":[{"name":"wp","href":"https:\/\/api.w.org\/{rel}","templated":true}]}}